{"id":11371,"date":"2022-05-16T19:16:57","date_gmt":"2022-05-16T17:16:57","guid":{"rendered":"http:\/\/wesolarodzinka9.pl\/?p=11371"},"modified":"2022-05-16T19:16:57","modified_gmt":"2022-05-16T17:16:57","slug":"festyn-rodzinny-2","status":"publish","type":"post","link":"https:\/\/wesolarodzinka9.pl\/?p=11371","title":{"rendered":"Festyn  Rodzinny"},"content":{"rendered":"\n<p style=\"text-align:center\">13 maja odby\u0142 si\u0119 w naszym przedszkolu Festyn Rodzinny.  Po oficjalnym otwarciu imprezy, scen\u0119 przej\u0119\u0142y dzieci z wszystkich grup, prezentuj\u0105c program artystyczny z okazji Dnia Mamy i Taty.   Po cz\u0119\u015bci artystycznej\u00a0przyszed\u0142 czas na wsp\u00f3ln\u0105 zabaw\u0119. Atrakcji nie brakowa\u0142o. Zabawa trwa\u0142a do p\u00f3\u017anych godzin popo\u0142udniowych, dzi\u0119ki sprzyjaj\u0105cym warunkom atmosferycznym oraz wielu atrakcjom, na twarzach dzieci nieustannie go\u015bci\u0142 u\u015bmiech. By\u0142a to doskona\u0142a okazja do integracji  ca\u0142ej spo\u0142eczno\u015bci przedszkolnej. <\/p>\n\n\n\nngg_shortcode_0_placeholder\n","protected":false},"excerpt":{"rendered":"<p>13 maja odby\u0142 si\u0119 w naszym przedszkolu Festyn Rodzinny. Po oficjalnym otwarciu imprezy, scen\u0119 przej\u0119\u0142y dzieci z wszystkich grup, prezentuj\u0105c program artystyczny z okazji Dnia Mamy i Taty. Po cz\u0119\u015bci artystycznej\u00a0przyszed\u0142 czas na wsp\u00f3ln\u0105 zabaw\u0119. Atrakcji nie brakowa\u0142o. Zabawa trwa\u0142a do p\u00f3\u017anych godzin popo\u0142udniowych, dzi\u0119ki sprzyjaj\u0105cym warunkom atmosferycznym oraz wielu atrakcjom, na twarzach dzieci nieustannie &hellip; <\/p>\n<p class=\"link-more\"><a href=\"https:\/\/wesolarodzinka9.pl\/?p=11371\" class=\"more-link\">Czytaj dalej<span class=\"screen-reader-text\"> \u201eFestyn  Rodzinny\u201d<\/span><\/a><\/p>\n","protected":false},"author":2,"featured_media":0,"comment_status":"closed","ping_status":"closed","sticky":false,"template":"","format":"standard","meta":{"ngg_post_thumbnail":0,"footnotes":""},"categories":[1],"tags":[],"class_list":["post-11371","post","type-post","status-publish","format-standard","hentry","category-bez-kategorii"],"_links":{"self":[{"href":"https:\/\/wesolarodzinka9.pl\/index.php?rest_route=\/wp\/v2\/posts\/11371","targetHints":{"allow":["GET"]}}],"collection":[{"href":"https:\/\/wesolarodzinka9.pl\/index.php?rest_route=\/wp\/v2\/posts"}],"about":[{"href":"https:\/\/wesolarodzinka9.pl\/index.php?rest_route=\/wp\/v2\/types\/post"}],"author":[{"embeddable":true,"href":"https:\/\/wesolarodzinka9.pl\/index.php?rest_route=\/wp\/v2\/users\/2"}],"replies":[{"embeddable":true,"href":"https:\/\/wesolarodzinka9.pl\/index.php?rest_route=%2Fwp%2Fv2%2Fcomments&post=11371"}],"version-history":[{"count":1,"href":"https:\/\/wesolarodzinka9.pl\/index.php?rest_route=\/wp\/v2\/posts\/11371\/revisions"}],"predecessor-version":[{"id":11397,"href":"https:\/\/wesolarodzinka9.pl\/index.php?rest_route=\/wp\/v2\/posts\/11371\/revisions\/11397"}],"wp:attachment":[{"href":"https:\/\/wesolarodzinka9.pl\/index.php?rest_route=%2Fwp%2Fv2%2Fmedia&parent=11371"}],"wp:term":[{"taxonomy":"category","embeddable":true,"href":"https:\/\/wesolarodzinka9.pl\/index.php?rest_route=%2Fwp%2Fv2%2Fcategories&post=11371"},{"taxonomy":"post_tag","embeddable":true,"href":"https:\/\/wesolarodzinka9.pl\/index.php?rest_route=%2Fwp%2Fv2%2Ftags&post=11371"}],"curies":[{"name":"wp","href":"https:\/\/api.w.org\/{rel}","templated":true}]}}