{"id":11896,"date":"2022-09-18T09:11:17","date_gmt":"2022-09-18T07:11:17","guid":{"rendered":"http:\/\/wesolarodzinka9.pl\/?p=11896"},"modified":"2022-09-18T09:18:14","modified_gmt":"2022-09-18T07:18:14","slug":"dzien-kropki","status":"publish","type":"post","link":"https:\/\/wesolarodzinka9.pl\/?p=11896","title":{"rendered":"Dzie\u0144 Kropki"},"content":{"rendered":"\r\n<h3 class=\"wp-block-heading\" style=\"text-align: center;\">Mi\u0119dzynarodowy Dzie\u0144 Kropki&#8221; obchodzony jest na ca\u0142ym \u015bwiecie 15 wrze\u015bnia. Jest to \u015bwi\u0119to, kt\u00f3re ma na celu pobudzanie kreatywno\u015bci, pomys\u0142owo\u015bci, talentu i odwagi w pokonywaniu trudno\u015bci. Dzieci tego dnia przyszli ubrani w grochy, kropki i groszki. \u015awi\u0119towanie rozpocz\u0119li od zapoznania si\u0119 z Vashti. Dzieci wys\u0142ucha\u0142y jej historii, a tak\u017ce obejrza\u0142y kr\u00f3tki filmik o tytu\u0142owej &#8222;Kropce&#8221;.Kolejnym punktem tego dnia by\u0142o uczestnictwo w wielu zabawach z kropk\u0105 &#8211; przedszkolaki rysowa\u0142y swoje &#8222;dzie\u0142a&#8221;.<\/h3>\r\n\r\n\r\n\r\nngg_shortcode_0_placeholder\r\n\r\n\r\n\r\n<p>&nbsp;<\/p>\r\n\r\n\r\n\r\n<p>&nbsp;<\/p>\r\n","protected":false},"excerpt":{"rendered":"<p>Mi\u0119dzynarodowy Dzie\u0144 Kropki&#8221; obchodzony jest na ca\u0142ym \u015bwiecie 15 wrze\u015bnia. Jest to \u015bwi\u0119to, kt\u00f3re ma na celu pobudzanie kreatywno\u015bci, pomys\u0142owo\u015bci, talentu i odwagi w pokonywaniu trudno\u015bci. Dzieci tego dnia przyszli ubrani w grochy, kropki i groszki. \u015awi\u0119towanie rozpocz\u0119li od zapoznania si\u0119 z Vashti. Dzieci wys\u0142ucha\u0142y jej historii, a tak\u017ce obejrza\u0142y kr\u00f3tki filmik o tytu\u0142owej &#8222;Kropce&#8221;.Kolejnym &hellip; <\/p>\n<p class=\"link-more\"><a href=\"https:\/\/wesolarodzinka9.pl\/?p=11896\" class=\"more-link\">Czytaj dalej<span class=\"screen-reader-text\"> \u201eDzie\u0144 Kropki\u201d<\/span><\/a><\/p>\n","protected":false},"author":2,"featured_media":0,"comment_status":"closed","ping_status":"closed","sticky":false,"template":"","format":"standard","meta":{"ngg_post_thumbnail":0,"footnotes":""},"categories":[1],"tags":[],"class_list":["post-11896","post","type-post","status-publish","format-standard","hentry","category-bez-kategorii"],"_links":{"self":[{"href":"https:\/\/wesolarodzinka9.pl\/index.php?rest_route=\/wp\/v2\/posts\/11896","targetHints":{"allow":["GET"]}}],"collection":[{"href":"https:\/\/wesolarodzinka9.pl\/index.php?rest_route=\/wp\/v2\/posts"}],"about":[{"href":"https:\/\/wesolarodzinka9.pl\/index.php?rest_route=\/wp\/v2\/types\/post"}],"author":[{"embeddable":true,"href":"https:\/\/wesolarodzinka9.pl\/index.php?rest_route=\/wp\/v2\/users\/2"}],"replies":[{"embeddable":true,"href":"https:\/\/wesolarodzinka9.pl\/index.php?rest_route=%2Fwp%2Fv2%2Fcomments&post=11896"}],"version-history":[{"count":2,"href":"https:\/\/wesolarodzinka9.pl\/index.php?rest_route=\/wp\/v2\/posts\/11896\/revisions"}],"predecessor-version":[{"id":11917,"href":"https:\/\/wesolarodzinka9.pl\/index.php?rest_route=\/wp\/v2\/posts\/11896\/revisions\/11917"}],"wp:attachment":[{"href":"https:\/\/wesolarodzinka9.pl\/index.php?rest_route=%2Fwp%2Fv2%2Fmedia&parent=11896"}],"wp:term":[{"taxonomy":"category","embeddable":true,"href":"https:\/\/wesolarodzinka9.pl\/index.php?rest_route=%2Fwp%2Fv2%2Fcategories&post=11896"},{"taxonomy":"post_tag","embeddable":true,"href":"https:\/\/wesolarodzinka9.pl\/index.php?rest_route=%2Fwp%2Fv2%2Ftags&post=11896"}],"curies":[{"name":"wp","href":"https:\/\/api.w.org\/{rel}","templated":true}]}}