{"id":11955,"date":"2022-09-24T09:46:04","date_gmt":"2022-09-24T07:46:04","guid":{"rendered":"http:\/\/wesolarodzinka9.pl\/?p=11955"},"modified":"2022-09-24T09:46:04","modified_gmt":"2022-09-24T07:46:04","slug":"dzien-przedszkolaka-4","status":"publish","type":"post","link":"https:\/\/wesolarodzinka9.pl\/?p=11955","title":{"rendered":"Dzie\u0144 Przedszkolaka"},"content":{"rendered":"\n<p style=\"text-align:center\">20.09.  obchodzili\u015bmy w naszym przedszkolu \u015awieto Przedszkolaka. Tego dnia czeka\u0142o na dzieci wiele niespodzianek i atrakcji. Zosta\u0142y zaproszone do wsp\u00f3lnej zabawy, ta\u0144c\u00f3w przy ulubionych przebojach muzyki dla dzieci. Rado\u015b\u0107 i \u015bmiech \u015bwiadczy\u0142y o wspania\u0142ej zabawie. <\/p>\n\n\n\nngg_shortcode_0_placeholder\n","protected":false},"excerpt":{"rendered":"<p>20.09. obchodzili\u015bmy w naszym przedszkolu \u015awieto Przedszkolaka. Tego dnia czeka\u0142o na dzieci wiele niespodzianek i atrakcji. Zosta\u0142y zaproszone do wsp\u00f3lnej zabawy, ta\u0144c\u00f3w przy ulubionych przebojach muzyki dla dzieci. Rado\u015b\u0107 i \u015bmiech \u015bwiadczy\u0142y o wspania\u0142ej zabawie.<\/p>\n","protected":false},"author":2,"featured_media":0,"comment_status":"closed","ping_status":"closed","sticky":false,"template":"","format":"standard","meta":{"ngg_post_thumbnail":0,"footnotes":""},"categories":[1],"tags":[],"class_list":["post-11955","post","type-post","status-publish","format-standard","hentry","category-bez-kategorii"],"_links":{"self":[{"href":"https:\/\/wesolarodzinka9.pl\/index.php?rest_route=\/wp\/v2\/posts\/11955","targetHints":{"allow":["GET"]}}],"collection":[{"href":"https:\/\/wesolarodzinka9.pl\/index.php?rest_route=\/wp\/v2\/posts"}],"about":[{"href":"https:\/\/wesolarodzinka9.pl\/index.php?rest_route=\/wp\/v2\/types\/post"}],"author":[{"embeddable":true,"href":"https:\/\/wesolarodzinka9.pl\/index.php?rest_route=\/wp\/v2\/users\/2"}],"replies":[{"embeddable":true,"href":"https:\/\/wesolarodzinka9.pl\/index.php?rest_route=%2Fwp%2Fv2%2Fcomments&post=11955"}],"version-history":[{"count":2,"href":"https:\/\/wesolarodzinka9.pl\/index.php?rest_route=\/wp\/v2\/posts\/11955\/revisions"}],"predecessor-version":[{"id":11972,"href":"https:\/\/wesolarodzinka9.pl\/index.php?rest_route=\/wp\/v2\/posts\/11955\/revisions\/11972"}],"wp:attachment":[{"href":"https:\/\/wesolarodzinka9.pl\/index.php?rest_route=%2Fwp%2Fv2%2Fmedia&parent=11955"}],"wp:term":[{"taxonomy":"category","embeddable":true,"href":"https:\/\/wesolarodzinka9.pl\/index.php?rest_route=%2Fwp%2Fv2%2Fcategories&post=11955"},{"taxonomy":"post_tag","embeddable":true,"href":"https:\/\/wesolarodzinka9.pl\/index.php?rest_route=%2Fwp%2Fv2%2Ftags&post=11955"}],"curies":[{"name":"wp","href":"https:\/\/api.w.org\/{rel}","templated":true}]}}