{"id":15176,"date":"2023-02-07T20:09:07","date_gmt":"2023-02-07T19:09:07","guid":{"rendered":"https:\/\/wesolarodzinka9.pl\/?p=15176"},"modified":"2023-02-08T18:18:09","modified_gmt":"2023-02-08T17:18:09","slug":"maly-artysta-kreatywny-przedszkolak-12","status":"publish","type":"post","link":"https:\/\/wesolarodzinka9.pl\/?p=15176","title":{"rendered":"Ma\u0142y artysta-kreatywny przedszkolak"},"content":{"rendered":"\r\n<p>Za nami kolejne zaj\u0119cia z cyklu &#8222;Ma\u0142y artysta- kreatywny przedszkolak. Tematem przewodnim by\u0142a zima .<\/p>\r\n\r\n\r\n\r\nngg_shortcode_0_placeholder\r\n","protected":false},"excerpt":{"rendered":"<p>Za nami kolejne zaj\u0119cia z cyklu &#8222;Ma\u0142y artysta- kreatywny przedszkolak. Tematem przewodnim by\u0142a zima .<\/p>\n","protected":false},"author":2,"featured_media":0,"comment_status":"closed","ping_status":"closed","sticky":false,"template":"","format":"standard","meta":{"ngg_post_thumbnail":0,"footnotes":""},"categories":[1],"tags":[],"class_list":["post-15176","post","type-post","status-publish","format-standard","hentry","category-bez-kategorii"],"_links":{"self":[{"href":"https:\/\/wesolarodzinka9.pl\/index.php?rest_route=\/wp\/v2\/posts\/15176","targetHints":{"allow":["GET"]}}],"collection":[{"href":"https:\/\/wesolarodzinka9.pl\/index.php?rest_route=\/wp\/v2\/posts"}],"about":[{"href":"https:\/\/wesolarodzinka9.pl\/index.php?rest_route=\/wp\/v2\/types\/post"}],"author":[{"embeddable":true,"href":"https:\/\/wesolarodzinka9.pl\/index.php?rest_route=\/wp\/v2\/users\/2"}],"replies":[{"embeddable":true,"href":"https:\/\/wesolarodzinka9.pl\/index.php?rest_route=%2Fwp%2Fv2%2Fcomments&post=15176"}],"version-history":[{"count":3,"href":"https:\/\/wesolarodzinka9.pl\/index.php?rest_route=\/wp\/v2\/posts\/15176\/revisions"}],"predecessor-version":[{"id":15199,"href":"https:\/\/wesolarodzinka9.pl\/index.php?rest_route=\/wp\/v2\/posts\/15176\/revisions\/15199"}],"wp:attachment":[{"href":"https:\/\/wesolarodzinka9.pl\/index.php?rest_route=%2Fwp%2Fv2%2Fmedia&parent=15176"}],"wp:term":[{"taxonomy":"category","embeddable":true,"href":"https:\/\/wesolarodzinka9.pl\/index.php?rest_route=%2Fwp%2Fv2%2Fcategories&post=15176"},{"taxonomy":"post_tag","embeddable":true,"href":"https:\/\/wesolarodzinka9.pl\/index.php?rest_route=%2Fwp%2Fv2%2Ftags&post=15176"}],"curies":[{"name":"wp","href":"https:\/\/api.w.org\/{rel}","templated":true}]}}