{"id":38441,"date":"2023-03-22T20:20:35","date_gmt":"2023-03-22T19:20:35","guid":{"rendered":"https:\/\/wesolarodzinka9.pl\/?p=38441"},"modified":"2023-03-22T20:20:36","modified_gmt":"2023-03-22T19:20:36","slug":"pierwszy-dzien-wiosny","status":"publish","type":"post","link":"https:\/\/wesolarodzinka9.pl\/?p=38441","title":{"rendered":"Pierwszy Dzie\u0144 Wiosny"},"content":{"rendered":"\n<p class=\"has-text-align-center\">21 marca obchodzili\u015bmy Pierwszy Dzie\u0144 Wiosny. Przedszkolaki wraz z  Marzann\u0105 spacerowa\u0142y  w kolorowym korowodzie, aby powita\u0107 now\u0105 por\u0119 roku \u2013 Wiosn\u0119! Dzieci rado\u015bnie \u015bpiewa\u0142y piosenki wiosenne oraz poszukiwa\u0142y pierwszych oznak wiosny.\u00a0<\/p>\n\n\n\nngg_shortcode_0_placeholder\n","protected":false},"excerpt":{"rendered":"<p>21 marca obchodzili\u015bmy Pierwszy Dzie\u0144 Wiosny. Przedszkolaki wraz z Marzann\u0105 spacerowa\u0142y w kolorowym korowodzie, aby powita\u0107 now\u0105 por\u0119 roku \u2013 Wiosn\u0119! Dzieci rado\u015bnie \u015bpiewa\u0142y piosenki wiosenne oraz poszukiwa\u0142y pierwszych oznak wiosny.\u00a0<\/p>\n","protected":false},"author":2,"featured_media":0,"comment_status":"closed","ping_status":"closed","sticky":false,"template":"","format":"standard","meta":{"ngg_post_thumbnail":0,"footnotes":""},"categories":[1],"tags":[],"class_list":["post-38441","post","type-post","status-publish","format-standard","hentry","category-bez-kategorii"],"_links":{"self":[{"href":"https:\/\/wesolarodzinka9.pl\/index.php?rest_route=\/wp\/v2\/posts\/38441","targetHints":{"allow":["GET"]}}],"collection":[{"href":"https:\/\/wesolarodzinka9.pl\/index.php?rest_route=\/wp\/v2\/posts"}],"about":[{"href":"https:\/\/wesolarodzinka9.pl\/index.php?rest_route=\/wp\/v2\/types\/post"}],"author":[{"embeddable":true,"href":"https:\/\/wesolarodzinka9.pl\/index.php?rest_route=\/wp\/v2\/users\/2"}],"replies":[{"embeddable":true,"href":"https:\/\/wesolarodzinka9.pl\/index.php?rest_route=%2Fwp%2Fv2%2Fcomments&post=38441"}],"version-history":[{"count":1,"href":"https:\/\/wesolarodzinka9.pl\/index.php?rest_route=\/wp\/v2\/posts\/38441\/revisions"}],"predecessor-version":[{"id":38451,"href":"https:\/\/wesolarodzinka9.pl\/index.php?rest_route=\/wp\/v2\/posts\/38441\/revisions\/38451"}],"wp:attachment":[{"href":"https:\/\/wesolarodzinka9.pl\/index.php?rest_route=%2Fwp%2Fv2%2Fmedia&parent=38441"}],"wp:term":[{"taxonomy":"category","embeddable":true,"href":"https:\/\/wesolarodzinka9.pl\/index.php?rest_route=%2Fwp%2Fv2%2Fcategories&post=38441"},{"taxonomy":"post_tag","embeddable":true,"href":"https:\/\/wesolarodzinka9.pl\/index.php?rest_route=%2Fwp%2Fv2%2Ftags&post=38441"}],"curies":[{"name":"wp","href":"https:\/\/api.w.org\/{rel}","templated":true}]}}