{"id":38521,"date":"2023-03-28T18:17:28","date_gmt":"2023-03-28T16:17:28","guid":{"rendered":"https:\/\/wesolarodzinka9.pl\/?p=38521"},"modified":"2023-03-28T18:26:59","modified_gmt":"2023-03-28T16:26:59","slug":"konkurs-recytatorski-wiersze-na-wesolo","status":"publish","type":"post","link":"https:\/\/wesolarodzinka9.pl\/?p=38521","title":{"rendered":"Konkurs recytatorski &#8222;Wiersze na weso\u0142o&#8221;"},"content":{"rendered":"\r\n<p class=\"has-text-align-center\">27 marca w naszym przedszkolu odby\u0142 si\u0119 mi\u0119dzyprzedszkolny konkurs recytatorski &#8222;Wiersze na weso\u0142o\u201d . W konkursie wzi\u0119\u0142o udzia\u0142 6 uczestnik\u00f3w . G\u0142\u00f3wnymi celami konkursu by\u0142a popularyzacja literatury dzieci\u0119cej, rozwijanie predyspozycji i talentu recytatorskiego dzieci w wieku przedszkolnym. Podczas wyst\u0119p\u00f3w na scenie dzieci&nbsp; wspaniale zaprezentowa\u0142y si\u0119 w znanych i mniej znanych wierszach. Zmagania uczestnik\u00f3w ocenia\u0142o jury. I miejsce zaj\u0105\u0142 nasz przedszkolak Bartek P. z grupy &#8222;Smerfy&#8221;. Na zako\u0144czenie konkursu odby\u0142o si\u0119 uroczyste wr\u0119czenie nagr\u00f3d i dyplom\u00f3w dla zwyci\u0119zc\u00f3w oraz dla wszystkich uczestnik\u00f3w konkursu.<\/p>\r\n\r\n\r\n\r\n<figure class=\"wp-block-gallery has-nested-images columns-default is-cropped wp-block-gallery-1 is-layout-flex wp-block-gallery-is-layout-flex\">\r\n<figure class=\"wp-block-image size-large\"><img loading=\"lazy\" decoding=\"async\" width=\"800\" height=\"600\" data-id=\"38523\" class=\"wp-image-38523\" src=\"https:\/\/wesolarodzinka9.pl\/wp-content\/uploads\/2023\/03\/IMG_20230327_153303_800x600.jpg\" alt=\"IMG 20230327 153303 800x600\" srcset=\"https:\/\/wesolarodzinka9.pl\/wp-content\/uploads\/2023\/03\/IMG_20230327_153303_800x600.jpg 800w, https:\/\/wesolarodzinka9.pl\/wp-content\/uploads\/2023\/03\/IMG_20230327_153303_800x600-300x225.jpg 300w, https:\/\/wesolarodzinka9.pl\/wp-content\/uploads\/2023\/03\/IMG_20230327_153303_800x600-768x576.jpg 768w\" sizes=\"auto, (max-width: 767px) 89vw, (max-width: 1000px) 54vw, (max-width: 1071px) 543px, 580px\" \/><\/figure>\r\n\r\n\r\n\r\n<figure class=\"wp-block-image size-large\"><img decoding=\"async\" data-id=\"38524\" class=\"wp-image-38524\" src=\"https:\/\/wesolarodzinka9.pl\/wp-content\/uploads\/2023\/03\/IMG_20230327_153426_800x600.jpg\" alt=\"IMG 20230327 153426 800x600\"><\/figure>\r\n<\/figure>\r\n\r\n\r\n\r\nngg_shortcode_0_placeholder\r\n","protected":false},"excerpt":{"rendered":"<p>27 marca w naszym przedszkolu odby\u0142 si\u0119 mi\u0119dzyprzedszkolny konkurs recytatorski &#8222;Wiersze na weso\u0142o\u201d . W konkursie wzi\u0119\u0142o udzia\u0142 6 uczestnik\u00f3w . G\u0142\u00f3wnymi celami konkursu by\u0142a popularyzacja literatury dzieci\u0119cej, rozwijanie predyspozycji i talentu recytatorskiego dzieci w wieku przedszkolnym. Podczas wyst\u0119p\u00f3w na scenie dzieci&nbsp; wspaniale zaprezentowa\u0142y si\u0119 w znanych i mniej znanych wierszach. Zmagania uczestnik\u00f3w ocenia\u0142o jury. &hellip; <\/p>\n<p class=\"link-more\"><a href=\"https:\/\/wesolarodzinka9.pl\/?p=38521\" class=\"more-link\">Czytaj dalej<span class=\"screen-reader-text\"> \u201eKonkurs recytatorski &#8222;Wiersze na weso\u0142o&#8221;\u201d<\/span><\/a><\/p>\n","protected":false},"author":2,"featured_media":0,"comment_status":"closed","ping_status":"closed","sticky":false,"template":"","format":"standard","meta":{"ngg_post_thumbnail":0,"footnotes":""},"categories":[1],"tags":[],"class_list":["post-38521","post","type-post","status-publish","format-standard","hentry","category-bez-kategorii"],"_links":{"self":[{"href":"https:\/\/wesolarodzinka9.pl\/index.php?rest_route=\/wp\/v2\/posts\/38521","targetHints":{"allow":["GET"]}}],"collection":[{"href":"https:\/\/wesolarodzinka9.pl\/index.php?rest_route=\/wp\/v2\/posts"}],"about":[{"href":"https:\/\/wesolarodzinka9.pl\/index.php?rest_route=\/wp\/v2\/types\/post"}],"author":[{"embeddable":true,"href":"https:\/\/wesolarodzinka9.pl\/index.php?rest_route=\/wp\/v2\/users\/2"}],"replies":[{"embeddable":true,"href":"https:\/\/wesolarodzinka9.pl\/index.php?rest_route=%2Fwp%2Fv2%2Fcomments&post=38521"}],"version-history":[{"count":4,"href":"https:\/\/wesolarodzinka9.pl\/index.php?rest_route=\/wp\/v2\/posts\/38521\/revisions"}],"predecessor-version":[{"id":38534,"href":"https:\/\/wesolarodzinka9.pl\/index.php?rest_route=\/wp\/v2\/posts\/38521\/revisions\/38534"}],"wp:attachment":[{"href":"https:\/\/wesolarodzinka9.pl\/index.php?rest_route=%2Fwp%2Fv2%2Fmedia&parent=38521"}],"wp:term":[{"taxonomy":"category","embeddable":true,"href":"https:\/\/wesolarodzinka9.pl\/index.php?rest_route=%2Fwp%2Fv2%2Fcategories&post=38521"},{"taxonomy":"post_tag","embeddable":true,"href":"https:\/\/wesolarodzinka9.pl\/index.php?rest_route=%2Fwp%2Fv2%2Ftags&post=38521"}],"curies":[{"name":"wp","href":"https:\/\/api.w.org\/{rel}","templated":true}]}}