{"id":38632,"date":"2023-04-24T07:54:26","date_gmt":"2023-04-24T05:54:26","guid":{"rendered":"https:\/\/wesolarodzinka9.pl\/?p=38632"},"modified":"2023-04-24T07:54:26","modified_gmt":"2023-04-24T05:54:26","slug":"dzien-ziemi","status":"publish","type":"post","link":"https:\/\/wesolarodzinka9.pl\/?p=38632","title":{"rendered":"Dzie\u0144 Ziemi"},"content":{"rendered":"\n<p>21 kwietnia przedszkolaki wzi\u0119\u0142y udzia\u0142 w Og\u00f3lnopolskim Marszu PRZEDSZKOLAK MASZERUJE-ZIEMI\u0118 RATUJE. Dzieci chcia\u0142y zwr\u00f3ci\u0107 uwag\u0119 na problemy Ziemi.<\/p>\n\n\n\n<p><\/p>\n\n\n\nngg_shortcode_0_placeholder\n","protected":false},"excerpt":{"rendered":"<p>21 kwietnia przedszkolaki wzi\u0119\u0142y udzia\u0142 w Og\u00f3lnopolskim Marszu PRZEDSZKOLAK MASZERUJE-ZIEMI\u0118 RATUJE. Dzieci chcia\u0142y zwr\u00f3ci\u0107 uwag\u0119 na problemy Ziemi.<\/p>\n","protected":false},"author":2,"featured_media":0,"comment_status":"closed","ping_status":"closed","sticky":false,"template":"","format":"standard","meta":{"ngg_post_thumbnail":0,"footnotes":""},"categories":[1],"tags":[],"class_list":["post-38632","post","type-post","status-publish","format-standard","hentry","category-bez-kategorii"],"_links":{"self":[{"href":"https:\/\/wesolarodzinka9.pl\/index.php?rest_route=\/wp\/v2\/posts\/38632","targetHints":{"allow":["GET"]}}],"collection":[{"href":"https:\/\/wesolarodzinka9.pl\/index.php?rest_route=\/wp\/v2\/posts"}],"about":[{"href":"https:\/\/wesolarodzinka9.pl\/index.php?rest_route=\/wp\/v2\/types\/post"}],"author":[{"embeddable":true,"href":"https:\/\/wesolarodzinka9.pl\/index.php?rest_route=\/wp\/v2\/users\/2"}],"replies":[{"embeddable":true,"href":"https:\/\/wesolarodzinka9.pl\/index.php?rest_route=%2Fwp%2Fv2%2Fcomments&post=38632"}],"version-history":[{"count":2,"href":"https:\/\/wesolarodzinka9.pl\/index.php?rest_route=\/wp\/v2\/posts\/38632\/revisions"}],"predecessor-version":[{"id":38640,"href":"https:\/\/wesolarodzinka9.pl\/index.php?rest_route=\/wp\/v2\/posts\/38632\/revisions\/38640"}],"wp:attachment":[{"href":"https:\/\/wesolarodzinka9.pl\/index.php?rest_route=%2Fwp%2Fv2%2Fmedia&parent=38632"}],"wp:term":[{"taxonomy":"category","embeddable":true,"href":"https:\/\/wesolarodzinka9.pl\/index.php?rest_route=%2Fwp%2Fv2%2Fcategories&post=38632"},{"taxonomy":"post_tag","embeddable":true,"href":"https:\/\/wesolarodzinka9.pl\/index.php?rest_route=%2Fwp%2Fv2%2Ftags&post=38632"}],"curies":[{"name":"wp","href":"https:\/\/api.w.org\/{rel}","templated":true}]}}