{"id":38684,"date":"2023-05-13T15:31:08","date_gmt":"2023-05-13T13:31:08","guid":{"rendered":"https:\/\/wesolarodzinka9.pl\/?p=38684"},"modified":"2023-05-13T15:31:09","modified_gmt":"2023-05-13T13:31:09","slug":"maly-artysta-kreatywny-przedszkolak-15","status":"publish","type":"post","link":"https:\/\/wesolarodzinka9.pl\/?p=38684","title":{"rendered":"Ma\u0142y artysta, kreatywny przedszkolak"},"content":{"rendered":"\n<p class=\"has-text-align-center\">9 maja obchodzilismy Dzie\u0144 Europy. W tym dniu postanowili\u015bmy wykona\u0107 flagii r\u00f3\u017cnych europejskich pa\u0144stw.<\/p>\n\n\n\nngg_shortcode_0_placeholder\n","protected":false},"excerpt":{"rendered":"<p>9 maja obchodzilismy Dzie\u0144 Europy. W tym dniu postanowili\u015bmy wykona\u0107 flagii r\u00f3\u017cnych europejskich pa\u0144stw.<\/p>\n","protected":false},"author":2,"featured_media":0,"comment_status":"closed","ping_status":"closed","sticky":false,"template":"","format":"standard","meta":{"ngg_post_thumbnail":0,"footnotes":""},"categories":[1],"tags":[],"class_list":["post-38684","post","type-post","status-publish","format-standard","hentry","category-bez-kategorii"],"_links":{"self":[{"href":"https:\/\/wesolarodzinka9.pl\/index.php?rest_route=\/wp\/v2\/posts\/38684","targetHints":{"allow":["GET"]}}],"collection":[{"href":"https:\/\/wesolarodzinka9.pl\/index.php?rest_route=\/wp\/v2\/posts"}],"about":[{"href":"https:\/\/wesolarodzinka9.pl\/index.php?rest_route=\/wp\/v2\/types\/post"}],"author":[{"embeddable":true,"href":"https:\/\/wesolarodzinka9.pl\/index.php?rest_route=\/wp\/v2\/users\/2"}],"replies":[{"embeddable":true,"href":"https:\/\/wesolarodzinka9.pl\/index.php?rest_route=%2Fwp%2Fv2%2Fcomments&post=38684"}],"version-history":[{"count":1,"href":"https:\/\/wesolarodzinka9.pl\/index.php?rest_route=\/wp\/v2\/posts\/38684\/revisions"}],"predecessor-version":[{"id":38698,"href":"https:\/\/wesolarodzinka9.pl\/index.php?rest_route=\/wp\/v2\/posts\/38684\/revisions\/38698"}],"wp:attachment":[{"href":"https:\/\/wesolarodzinka9.pl\/index.php?rest_route=%2Fwp%2Fv2%2Fmedia&parent=38684"}],"wp:term":[{"taxonomy":"category","embeddable":true,"href":"https:\/\/wesolarodzinka9.pl\/index.php?rest_route=%2Fwp%2Fv2%2Fcategories&post=38684"},{"taxonomy":"post_tag","embeddable":true,"href":"https:\/\/wesolarodzinka9.pl\/index.php?rest_route=%2Fwp%2Fv2%2Ftags&post=38684"}],"curies":[{"name":"wp","href":"https:\/\/api.w.org\/{rel}","templated":true}]}}