{"id":48178,"date":"2024-09-02T17:39:16","date_gmt":"2024-09-02T15:39:16","guid":{"rendered":"https:\/\/wesolarodzinka9.pl\/?p=48178"},"modified":"2025-06-01T20:02:37","modified_gmt":"2025-06-01T18:02:37","slug":"misie-2","status":"publish","type":"post","link":"https:\/\/wesolarodzinka9.pl\/?p=48178","title":{"rendered":"Misie"},"content":{"rendered":"<p><strong> Adres mailowy nauczyciela:<br \/>\n<\/strong>mrogala@wesolarodzinka9.pl<\/p>\n<p>Konsultacje<br \/>\npani Marzena \u015broda 10:00-10:30&nbsp;<br \/>\nczwartek 15:30-16:00<\/p>\n<p>Ka\u017cda konsultacja musi by\u0107 um\u00f3wiona u pani Krysi<\/p>\n<p><span class=\"html-span xdj266r x11i5rnm xat24cr x1mh8g0r xexx8yu x4uap5 x18d9i69 xkhd6sd x1hl2dhg x16tdsg8 x1vvkbs x4k7w5x x1h91t0o x1h9r5lt x1jfb8zj xv2umb2 x1beo9mf xaigb6o x12ejxvf x3igimt xarpa2k xedcshv x1lytzrv x1t2pt76 x7ja8zs x1qrby5j\"><span class=\"x193iq5w xeuugli x13faqbe x1vvkbs x1xmvt09 x1lliihq x1s928wv xhkezso x1gmr53x x1cpjm7i x1fgarty x1943h6x xudqn12 x3x7a5m x6prxxf xvq8zen xo1l8bm xzsf02u\" dir=\"auto\">&nbsp;<\/span><\/span><\/p>\n<hr>\n<p><span class=\"html-span xdj266r x11i5rnm xat24cr x1mh8g0r xexx8yu x4uap5 x18d9i69 xkhd6sd x1hl2dhg x16tdsg8 x1vvkbs x4k7w5x x1h91t0o x1h9r5lt x1jfb8zj xv2umb2 x1beo9mf xaigb6o x12ejxvf x3igimt xarpa2k xedcshv x1lytzrv x1t2pt76 x7ja8zs x1qrby5j\"><span class=\"x193iq5w xeuugli x13faqbe x1vvkbs x1xmvt09 x1lliihq x1s928wv xhkezso x1gmr53x x1cpjm7i x1fgarty x1943h6x xudqn12 x3x7a5m x6prxxf xvq8zen xo1l8bm xzsf02u\" dir=\"auto\">Zaj\u0119cia plastyczne<\/span><\/span><\/p>\nngg_shortcode_0_placeholder\n<hr>\n<p><span class=\"html-span xdj266r x11i5rnm xat24cr x1mh8g0r xexx8yu x4uap5 x18d9i69 xkhd6sd x1hl2dhg x16tdsg8 x1vvkbs x4k7w5x x1h91t0o x1h9r5lt x1jfb8zj xv2umb2 x1beo9mf xaigb6o x12ejxvf x3igimt xarpa2k xedcshv x1lytzrv x1t2pt76 x7ja8zs x1qrby5j\"><span class=\"x193iq5w xeuugli x13faqbe x1vvkbs x1xmvt09 x1lliihq x1s928wv xhkezso x1gmr53x x1cpjm7i x1fgarty x1943h6x xudqn12 x3x7a5m x6prxxf xvq8zen xo1l8bm xzsf02u\" dir=\"auto\">Zaj\u0119cia edukacyjne na temat ptak\u00f3w i ich potrzeb, a tak\u017ce rozwijanie kreatywno\u015bci u dzieci<\/span><\/span><\/p>\nngg_shortcode_1_placeholder\n<hr>\n<p>Zbli\u017caj\u0105ca zima nam nie straszna \ud83d\ude09<\/p>\nngg_shortcode_2_placeholder\n<hr>\n<p><span class=\"html-span xdj266r x11i5rnm xat24cr x1mh8g0r xexx8yu x4uap5 x18d9i69 xkhd6sd x1hl2dhg x16tdsg8 x1vvkbs x4k7w5x x1h91t0o x1h9r5lt x1jfb8zj xv2umb2 x1beo9mf xaigb6o x12ejxvf x3igimt xarpa2k xedcshv x1lytzrv x1t2pt76 x7ja8zs x1qrby5j\"><span class=\"x193iq5w xeuugli x13faqbe x1vvkbs x1xmvt09 x1lliihq x1s928wv xhkezso x1gmr53x x1cpjm7i x1fgarty x1943h6x xudqn12 x3x7a5m x6prxxf xvq8zen xo1l8bm xzsf02u\" dir=\"auto\">Dzie\u0144 Misia<\/span><\/span><\/p>\nngg_shortcode_3_placeholder\n<hr>\n<p><span class=\"html-span xdj266r x11i5rnm xat24cr x1mh8g0r xexx8yu x4uap5 x18d9i69 xkhd6sd x1hl2dhg x16tdsg8 x1vvkbs x4k7w5x x1h91t0o x1h9r5lt x1jfb8zj xv2umb2 x1beo9mf xaigb6o x12ejxvf x3igimt xarpa2k xedcshv x1lytzrv x1t2pt76 x7ja8zs x1qrby5j\"><span class=\"x193iq5w xeuugli x13faqbe x1vvkbs x1xmvt09 x1lliihq x1s928wv xhkezso x1gmr53x x1cpjm7i x1fgarty x1943h6x xudqn12 x3x7a5m x6prxxf xvq8zen xo1l8bm xzsf02u\" dir=\"auto\">\u015acie\u017cka sensoryczna z zabawami manipulacyjnymi<\/span><\/span><\/p>\nngg_shortcode_4_placeholder\n<hr>\n<p>Jesienne spacery&nbsp;<\/p>\nngg_shortcode_5_placeholder\n<hr>\n<p>Dzie\u0144 przedszkolaka&nbsp;<\/p>\nngg_shortcode_6_placeholder\n<hr>\n<p>Spotkanie z panami policjantami<\/p>\nngg_shortcode_7_placeholder\n","protected":false},"excerpt":{"rendered":"<p>Adres mailowy nauczyciela: mrogala@wesolarodzinka9.pl Konsultacje pani Marzena \u015broda 10:00-10:30&nbsp; czwartek 15:30-16:00 Ka\u017cda konsultacja musi by\u0107 um\u00f3wiona u pani Krysi &nbsp; Zaj\u0119cia plastyczne Zaj\u0119cia edukacyjne na temat ptak\u00f3w i ich potrzeb, a tak\u017ce rozwijanie kreatywno\u015bci u dzieci Zbli\u017caj\u0105ca zima nam nie straszna \ud83d\ude09 Dzie\u0144 Misia \u015acie\u017cka sensoryczna z zabawami manipulacyjnymi Jesienne spacery&nbsp; Dzie\u0144 przedszkolaka&nbsp; &nbsp; Spotkanie &hellip; <\/p>\n<p class=\"link-more\"><a href=\"https:\/\/wesolarodzinka9.pl\/?p=48178\" class=\"more-link\">Czytaj dalej<span class=\"screen-reader-text\"> \u201eMisie\u201d<\/span><\/a><\/p>\n","protected":false},"author":1,"featured_media":0,"comment_status":"closed","ping_status":"closed","sticky":false,"template":"","format":"standard","meta":{"ngg_post_thumbnail":0,"footnotes":""},"categories":[12],"tags":[],"class_list":["post-48178","post","type-post","status-publish","format-standard","hentry","category-grupy-przedszkolne"],"_links":{"self":[{"href":"https:\/\/wesolarodzinka9.pl\/index.php?rest_route=\/wp\/v2\/posts\/48178","targetHints":{"allow":["GET"]}}],"collection":[{"href":"https:\/\/wesolarodzinka9.pl\/index.php?rest_route=\/wp\/v2\/posts"}],"about":[{"href":"https:\/\/wesolarodzinka9.pl\/index.php?rest_route=\/wp\/v2\/types\/post"}],"author":[{"embeddable":true,"href":"https:\/\/wesolarodzinka9.pl\/index.php?rest_route=\/wp\/v2\/users\/1"}],"replies":[{"embeddable":true,"href":"https:\/\/wesolarodzinka9.pl\/index.php?rest_route=%2Fwp%2Fv2%2Fcomments&post=48178"}],"version-history":[{"count":13,"href":"https:\/\/wesolarodzinka9.pl\/index.php?rest_route=\/wp\/v2\/posts\/48178\/revisions"}],"predecessor-version":[{"id":49700,"href":"https:\/\/wesolarodzinka9.pl\/index.php?rest_route=\/wp\/v2\/posts\/48178\/revisions\/49700"}],"wp:attachment":[{"href":"https:\/\/wesolarodzinka9.pl\/index.php?rest_route=%2Fwp%2Fv2%2Fmedia&parent=48178"}],"wp:term":[{"taxonomy":"category","embeddable":true,"href":"https:\/\/wesolarodzinka9.pl\/index.php?rest_route=%2Fwp%2Fv2%2Fcategories&post=48178"},{"taxonomy":"post_tag","embeddable":true,"href":"https:\/\/wesolarodzinka9.pl\/index.php?rest_route=%2Fwp%2Fv2%2Ftags&post=48178"}],"curies":[{"name":"wp","href":"https:\/\/api.w.org\/{rel}","templated":true}]}}