{"id":48183,"date":"2024-09-02T17:40:43","date_gmt":"2024-09-02T15:40:43","guid":{"rendered":"https:\/\/wesolarodzinka9.pl\/?p=48183"},"modified":"2025-05-26T06:32:31","modified_gmt":"2025-05-26T04:32:31","slug":"tygryski-5","status":"publish","type":"post","link":"https:\/\/wesolarodzinka9.pl\/?p=48183","title":{"rendered":"Tygryski"},"content":{"rendered":"<p><strong>Adres mailowy nauczyciela:<\/strong><br \/>\njprzysambor@wesolarodzinka9.pl<br \/>\nmjanowska@wesolarodzinka9.pl<\/p>\n<p><strong>Konsultacje<br \/>\n<\/strong>pani Asia&nbsp; &#8211; wtorek 15:30-16:00<br \/>\n&nbsp;&nbsp;&nbsp;&nbsp;&nbsp;&nbsp;&nbsp;&nbsp;&nbsp;&nbsp;&nbsp;&nbsp;&nbsp;&nbsp;&nbsp;&nbsp;&nbsp;&nbsp;&nbsp;&nbsp;&nbsp;&nbsp;&nbsp; czwartek 8:00-8:30<\/p>\n<p>Dzie\u0144 Mamy i Taty<\/p>\nngg_shortcode_0_placeholder\n<hr>\n<p>Wycieczka do izby regionalnej w Szkole Podstawowej nr 40<\/p>\nngg_shortcode_1_placeholder\n<hr>\n<p>Wycieczka do biblioteki &#8211; celem wycieczki by\u0142o zapoznanie dzieci z dzia\u0142alno\u015bci\u0105 bibliotek, rozbudzanie zainteresowa\u0144 czytelniczych, kszta\u0142towanie poczucia szacunku dla ksi\u0105\u017cek. Podczas spotkania Pani bibliotekarka&nbsp; zapozna\u0142a dzieci z prac\u0105 bibliotekarza, pokaza\u0142a ksi\u0105\u017cki i zach\u0119ca\u0142a do ich wypo\u017cyczania.<\/p>\nngg_shortcode_2_placeholder\n<hr>\n<p>Projekt &#8222;Plastu\u015b weso\u0142y zaprowadzi nas do szko\u0142y&#8221; &#8211; wykonanie pa\u017adziernikowego zadania<\/p>\nngg_shortcode_3_placeholder\n<hr>\n<p>Jesienny spacer<\/p>\nngg_shortcode_4_placeholder\n<hr>\n<p>Pyszna i zdrowa sa\u0142atka owocowa<\/p>\nngg_shortcode_5_placeholder\n<hr>\n<p>Projekt &#8222;Plastu\u015b weso\u0142y zaprowadzi nas do szko\u0142y&#8221;&nbsp; &#8211; zapoznanie dzieci z Plastusiem, wykonanie wrze\u015bniowego zadania.<\/p>\nngg_shortcode_6_placeholder\n<hr>\n<p>Spacer na skrzy\u017cowanie<\/p>\nngg_shortcode_7_placeholder\n","protected":false},"excerpt":{"rendered":"<p>Adres mailowy nauczyciela: jprzysambor@wesolarodzinka9.pl mjanowska@wesolarodzinka9.pl Konsultacje pani Asia&nbsp; &#8211; wtorek 15:30-16:00 &nbsp;&nbsp;&nbsp;&nbsp;&nbsp;&nbsp;&nbsp;&nbsp;&nbsp;&nbsp;&nbsp;&nbsp;&nbsp;&nbsp;&nbsp;&nbsp;&nbsp;&nbsp;&nbsp;&nbsp;&nbsp;&nbsp;&nbsp; czwartek 8:00-8:30 Dzie\u0144 Mamy i Taty Wycieczka do izby regionalnej w Szkole Podstawowej nr 40 Wycieczka do biblioteki &#8211; celem wycieczki by\u0142o zapoznanie dzieci z dzia\u0142alno\u015bci\u0105 bibliotek, rozbudzanie zainteresowa\u0144 czytelniczych, kszta\u0142towanie poczucia szacunku dla ksi\u0105\u017cek. Podczas spotkania Pani bibliotekarka&nbsp; zapozna\u0142a dzieci z prac\u0105 &hellip; <\/p>\n<p class=\"link-more\"><a href=\"https:\/\/wesolarodzinka9.pl\/?p=48183\" class=\"more-link\">Czytaj dalej<span class=\"screen-reader-text\"> \u201eTygryski\u201d<\/span><\/a><\/p>\n","protected":false},"author":1,"featured_media":0,"comment_status":"closed","ping_status":"closed","sticky":false,"template":"","format":"standard","meta":{"ngg_post_thumbnail":0,"footnotes":""},"categories":[12,6],"tags":[],"class_list":["post-48183","post","type-post","status-publish","format-standard","hentry","category-grupy-przedszkolne","category-tygryski"],"_links":{"self":[{"href":"https:\/\/wesolarodzinka9.pl\/index.php?rest_route=\/wp\/v2\/posts\/48183","targetHints":{"allow":["GET"]}}],"collection":[{"href":"https:\/\/wesolarodzinka9.pl\/index.php?rest_route=\/wp\/v2\/posts"}],"about":[{"href":"https:\/\/wesolarodzinka9.pl\/index.php?rest_route=\/wp\/v2\/types\/post"}],"author":[{"embeddable":true,"href":"https:\/\/wesolarodzinka9.pl\/index.php?rest_route=\/wp\/v2\/users\/1"}],"replies":[{"embeddable":true,"href":"https:\/\/wesolarodzinka9.pl\/index.php?rest_route=%2Fwp%2Fv2%2Fcomments&post=48183"}],"version-history":[{"count":15,"href":"https:\/\/wesolarodzinka9.pl\/index.php?rest_route=\/wp\/v2\/posts\/48183\/revisions"}],"predecessor-version":[{"id":49623,"href":"https:\/\/wesolarodzinka9.pl\/index.php?rest_route=\/wp\/v2\/posts\/48183\/revisions\/49623"}],"wp:attachment":[{"href":"https:\/\/wesolarodzinka9.pl\/index.php?rest_route=%2Fwp%2Fv2%2Fmedia&parent=48183"}],"wp:term":[{"taxonomy":"category","embeddable":true,"href":"https:\/\/wesolarodzinka9.pl\/index.php?rest_route=%2Fwp%2Fv2%2Fcategories&post=48183"},{"taxonomy":"post_tag","embeddable":true,"href":"https:\/\/wesolarodzinka9.pl\/index.php?rest_route=%2Fwp%2Fv2%2Ftags&post=48183"}],"curies":[{"name":"wp","href":"https:\/\/api.w.org\/{rel}","templated":true}]}}