{"id":51128,"date":"2026-04-21T21:38:41","date_gmt":"2026-04-21T19:38:41","guid":{"rendered":"https:\/\/wesolarodzinka9.pl\/?p=51128"},"modified":"2026-04-21T21:38:41","modified_gmt":"2026-04-21T19:38:41","slug":"olimpiada-sportowa-przedszkolakow","status":"publish","type":"post","link":"https:\/\/wesolarodzinka9.pl\/?p=51128","title":{"rendered":"Olimpiada Sportowa Przedszkolak\u00f3w"},"content":{"rendered":"\n<p class=\"has-text-align-center\">21 kwietnia odby\u0142a si\u0119 Olimpiada Sportowa Przedszkolak\u00f3w na Hali Sportowej w Orzegowie. Przedszkolaki z ogromnym zapa\u0142em rywalizowa\u0142y w prostych konkurencjach.   Ka\u017cdy z ma\u0142ych uczestnik\u00f3w udowodni\u0142, \u017ce w tym turnieju nie ma przegranych! Na zako\u0144czenie zmaga\u0144 wr\u0119czono pami\u0105tkowe medale, puchary  i drobne upominki.Hala sportowa w Orzegowie po raz kolejny udowodni\u0142a, \u017ce jest miejscem o niesamowitym, sportowym klimacie. Do zobaczenia na kolejnych edycjach!<\/p>\n\n\n\n<p>I miejsce &#8211; Odzia\u0142 Przedszkolny ze Szko\u0142y Podstawowej nr 6<br>II miejsce &#8211; Odzia\u0142 Przedszkolny ze  Szko\u0142y Podstawowej nr 36<br>III miejsce &#8211; Miejskie Przedszkole nr 12<\/p>\n\n\n\nngg_shortcode_0_placeholder\n\n\n\n<p><\/p>\n","protected":false},"excerpt":{"rendered":"<p>21 kwietnia odby\u0142a si\u0119 Olimpiada Sportowa Przedszkolak\u00f3w na Hali Sportowej w Orzegowie. Przedszkolaki z ogromnym zapa\u0142em rywalizowa\u0142y w prostych konkurencjach. Ka\u017cdy z ma\u0142ych uczestnik\u00f3w udowodni\u0142, \u017ce w tym turnieju nie ma przegranych! Na zako\u0144czenie zmaga\u0144 wr\u0119czono pami\u0105tkowe medale, puchary i drobne upominki.Hala sportowa w Orzegowie po raz kolejny udowodni\u0142a, \u017ce jest miejscem o niesamowitym, sportowym &hellip; <\/p>\n<p class=\"link-more\"><a href=\"https:\/\/wesolarodzinka9.pl\/?p=51128\" class=\"more-link\">Czytaj dalej<span class=\"screen-reader-text\"> \u201eOlimpiada Sportowa Przedszkolak\u00f3w\u201d<\/span><\/a><\/p>\n","protected":false},"author":2,"featured_media":0,"comment_status":"closed","ping_status":"closed","sticky":false,"template":"","format":"standard","meta":{"ngg_post_thumbnail":0,"footnotes":""},"categories":[1,38],"tags":[],"class_list":["post-51128","post","type-post","status-publish","format-standard","hentry","category-bez-kategorii","category-wydarzenia-2024-2025"],"_links":{"self":[{"href":"https:\/\/wesolarodzinka9.pl\/index.php?rest_route=\/wp\/v2\/posts\/51128","targetHints":{"allow":["GET"]}}],"collection":[{"href":"https:\/\/wesolarodzinka9.pl\/index.php?rest_route=\/wp\/v2\/posts"}],"about":[{"href":"https:\/\/wesolarodzinka9.pl\/index.php?rest_route=\/wp\/v2\/types\/post"}],"author":[{"embeddable":true,"href":"https:\/\/wesolarodzinka9.pl\/index.php?rest_route=\/wp\/v2\/users\/2"}],"replies":[{"embeddable":true,"href":"https:\/\/wesolarodzinka9.pl\/index.php?rest_route=%2Fwp%2Fv2%2Fcomments&post=51128"}],"version-history":[{"count":3,"href":"https:\/\/wesolarodzinka9.pl\/index.php?rest_route=\/wp\/v2\/posts\/51128\/revisions"}],"predecessor-version":[{"id":51142,"href":"https:\/\/wesolarodzinka9.pl\/index.php?rest_route=\/wp\/v2\/posts\/51128\/revisions\/51142"}],"wp:attachment":[{"href":"https:\/\/wesolarodzinka9.pl\/index.php?rest_route=%2Fwp%2Fv2%2Fmedia&parent=51128"}],"wp:term":[{"taxonomy":"category","embeddable":true,"href":"https:\/\/wesolarodzinka9.pl\/index.php?rest_route=%2Fwp%2Fv2%2Fcategories&post=51128"},{"taxonomy":"post_tag","embeddable":true,"href":"https:\/\/wesolarodzinka9.pl\/index.php?rest_route=%2Fwp%2Fv2%2Ftags&post=51128"}],"curies":[{"name":"wp","href":"https:\/\/api.w.org\/{rel}","templated":true}]}}