{"id":51147,"date":"2026-04-26T18:31:59","date_gmt":"2026-04-26T16:31:59","guid":{"rendered":"https:\/\/wesolarodzinka9.pl\/?p=51147"},"modified":"2026-04-26T18:32:04","modified_gmt":"2026-04-26T16:32:04","slug":"dzien-ziemi-3","status":"publish","type":"post","link":"https:\/\/wesolarodzinka9.pl\/?p=51147","title":{"rendered":"Dzie\u0144 Ziemi"},"content":{"rendered":"\n<p class=\"has-text-align-center\">Z okazji <strong>Dnia Ziemi<\/strong> dzieci z naszego przedszkola wzi\u0119\u0142y udzia\u0142 w spacerze po okolicy z kolorowymi transparentami. Przedszkolaki przypomina\u0142y, jak wa\u017cna jest troska o \u015brodowisko i dbanie o nasz\u0105 planet\u0119. By\u0142a to radosna i warto\u015bciowa lekcja ekologii dla wszystkich uczestnik\u00f3w. \ud83c\udf0d\ud83d\udc9a<\/p>\n\n\n\nngg_shortcode_0_placeholder\n","protected":false},"excerpt":{"rendered":"<p>Z okazji Dnia Ziemi dzieci z naszego przedszkola wzi\u0119\u0142y udzia\u0142 w spacerze po okolicy z kolorowymi transparentami. Przedszkolaki przypomina\u0142y, jak wa\u017cna jest troska o \u015brodowisko i dbanie o nasz\u0105 planet\u0119. By\u0142a to radosna i warto\u015bciowa lekcja ekologii dla wszystkich uczestnik\u00f3w. \ud83c\udf0d\ud83d\udc9a<\/p>\n","protected":false},"author":2,"featured_media":0,"comment_status":"closed","ping_status":"closed","sticky":false,"template":"","format":"standard","meta":{"ngg_post_thumbnail":0,"footnotes":""},"categories":[1,38],"tags":[],"class_list":["post-51147","post","type-post","status-publish","format-standard","hentry","category-bez-kategorii","category-wydarzenia-2024-2025"],"_links":{"self":[{"href":"https:\/\/wesolarodzinka9.pl\/index.php?rest_route=\/wp\/v2\/posts\/51147","targetHints":{"allow":["GET"]}}],"collection":[{"href":"https:\/\/wesolarodzinka9.pl\/index.php?rest_route=\/wp\/v2\/posts"}],"about":[{"href":"https:\/\/wesolarodzinka9.pl\/index.php?rest_route=\/wp\/v2\/types\/post"}],"author":[{"embeddable":true,"href":"https:\/\/wesolarodzinka9.pl\/index.php?rest_route=\/wp\/v2\/users\/2"}],"replies":[{"embeddable":true,"href":"https:\/\/wesolarodzinka9.pl\/index.php?rest_route=%2Fwp%2Fv2%2Fcomments&post=51147"}],"version-history":[{"count":1,"href":"https:\/\/wesolarodzinka9.pl\/index.php?rest_route=\/wp\/v2\/posts\/51147\/revisions"}],"predecessor-version":[{"id":51156,"href":"https:\/\/wesolarodzinka9.pl\/index.php?rest_route=\/wp\/v2\/posts\/51147\/revisions\/51156"}],"wp:attachment":[{"href":"https:\/\/wesolarodzinka9.pl\/index.php?rest_route=%2Fwp%2Fv2%2Fmedia&parent=51147"}],"wp:term":[{"taxonomy":"category","embeddable":true,"href":"https:\/\/wesolarodzinka9.pl\/index.php?rest_route=%2Fwp%2Fv2%2Fcategories&post=51147"},{"taxonomy":"post_tag","embeddable":true,"href":"https:\/\/wesolarodzinka9.pl\/index.php?rest_route=%2Fwp%2Fv2%2Ftags&post=51147"}],"curies":[{"name":"wp","href":"https:\/\/api.w.org\/{rel}","templated":true}]}}