{"id":51541,"date":"2026-09-03T06:29:36","date_gmt":"2026-09-03T04:29:36","guid":{"rendered":"https:\/\/wesolarodzinka9.pl\/?p=51541"},"modified":"2026-09-03T06:30:05","modified_gmt":"2026-09-03T04:30:05","slug":"zapraszamy-na-nasz-festyn-integracyjny","status":"publish","type":"post","link":"https:\/\/wesolarodzinka9.pl\/?p=51541","title":{"rendered":"Zapraszamy na nasz FESTYN INTEGRACYJNY"},"content":{"rendered":"\n<figure class=\"wp-block-image size-medium\"><img loading=\"lazy\" decoding=\"async\" width=\"212\" height=\"300\" src=\"https:\/\/wesolarodzinka9.pl\/wp-content\/uploads\/2026\/09\/Zielony-i-Bialy-Tradycyjny-Swieto-Ziemniaka-Plakat-2-212x300.jpg\" alt=\"Zielony i Bia\u0142y Tradycyjny \u015awi\u0119to Ziemniaka Plakat (2)\" class=\"wp-image-51542\" srcset=\"https:\/\/wesolarodzinka9.pl\/wp-content\/uploads\/2026\/09\/Zielony-i-Bialy-Tradycyjny-Swieto-Ziemniaka-Plakat-2-212x300.jpg 212w, https:\/\/wesolarodzinka9.pl\/wp-content\/uploads\/2026\/09\/Zielony-i-Bialy-Tradycyjny-Swieto-Ziemniaka-Plakat-2-768x1086.jpg 768w, https:\/\/wesolarodzinka9.pl\/wp-content\/uploads\/2026\/09\/Zielony-i-Bialy-Tradycyjny-Swieto-Ziemniaka-Plakat-2-724x1024.jpg 724w, https:\/\/wesolarodzinka9.pl\/wp-content\/uploads\/2026\/09\/Zielony-i-Bialy-Tradycyjny-Swieto-Ziemniaka-Plakat-2-1086x1536.jpg 1086w, https:\/\/wesolarodzinka9.pl\/wp-content\/uploads\/2026\/09\/Zielony-i-Bialy-Tradycyjny-Swieto-Ziemniaka-Plakat-2.jpg 1414w\" sizes=\"auto, (max-width: 212px) 100vw, 212px\" \/><\/figure>\n","protected":false},"excerpt":{"rendered":"","protected":false},"author":3,"featured_media":0,"comment_status":"closed","ping_status":"closed","sticky":false,"template":"","format":"standard","meta":{"ngg_post_thumbnail":0,"footnotes":""},"categories":[2],"tags":[],"class_list":["post-51541","post","type-post","status-publish","format-standard","hentry","category-aktualnosci"],"_links":{"self":[{"href":"https:\/\/wesolarodzinka9.pl\/index.php?rest_route=\/wp\/v2\/posts\/51541","targetHints":{"allow":["GET"]}}],"collection":[{"href":"https:\/\/wesolarodzinka9.pl\/index.php?rest_route=\/wp\/v2\/posts"}],"about":[{"href":"https:\/\/wesolarodzinka9.pl\/index.php?rest_route=\/wp\/v2\/types\/post"}],"author":[{"embeddable":true,"href":"https:\/\/wesolarodzinka9.pl\/index.php?rest_route=\/wp\/v2\/users\/3"}],"replies":[{"embeddable":true,"href":"https:\/\/wesolarodzinka9.pl\/index.php?rest_route=%2Fwp%2Fv2%2Fcomments&post=51541"}],"version-history":[{"count":1,"href":"https:\/\/wesolarodzinka9.pl\/index.php?rest_route=\/wp\/v2\/posts\/51541\/revisions"}],"predecessor-version":[{"id":51543,"href":"https:\/\/wesolarodzinka9.pl\/index.php?rest_route=\/wp\/v2\/posts\/51541\/revisions\/51543"}],"wp:attachment":[{"href":"https:\/\/wesolarodzinka9.pl\/index.php?rest_route=%2Fwp%2Fv2%2Fmedia&parent=51541"}],"wp:term":[{"taxonomy":"category","embeddable":true,"href":"https:\/\/wesolarodzinka9.pl\/index.php?rest_route=%2Fwp%2Fv2%2Fcategories&post=51541"},{"taxonomy":"post_tag","embeddable":true,"href":"https:\/\/wesolarodzinka9.pl\/index.php?rest_route=%2Fwp%2Fv2%2Ftags&post=51541"}],"curies":[{"name":"wp","href":"https:\/\/api.w.org\/{rel}","templated":true}]}}