{"id":7915,"date":"2021-03-30T15:28:39","date_gmt":"2021-03-30T13:28:39","guid":{"rendered":"http:\/\/wesolarodzinka9.pl\/?p=7915"},"modified":"2021-03-30T15:28:39","modified_gmt":"2021-03-30T13:28:39","slug":"maly-artysta-kreatywny-przedszkolak-6","status":"publish","type":"post","link":"https:\/\/wesolarodzinka9.pl\/?p=7915","title":{"rendered":"Ma\u0142y artysta, kreatywny przedszkolak"},"content":{"rendered":"\n<p style=\"text-align:center\">26. 03. 2021 r. odby\u0142o si\u0119 kolejne spotkanie z cyklu \u201eMa\u0142y artysta, kreatywny przedszkolak\u201d. Z okazji zbli\u017caj\u0105cych si\u0119 \u015awi\u0105t Wielkanocnych dzieci nauczy\u0142y si\u0119 piosenki ora wykona\u0142y prace plastyczne.<\/p>\n\n\n\nngg_shortcode_0_placeholder\n","protected":false},"excerpt":{"rendered":"<p>26. 03. 2021 r. odby\u0142o si\u0119 kolejne spotkanie z cyklu \u201eMa\u0142y artysta, kreatywny przedszkolak\u201d. Z okazji zbli\u017caj\u0105cych si\u0119 \u015awi\u0105t Wielkanocnych dzieci nauczy\u0142y si\u0119 piosenki ora wykona\u0142y prace plastyczne.<\/p>\n","protected":false},"author":2,"featured_media":0,"comment_status":"closed","ping_status":"closed","sticky":false,"template":"","format":"standard","meta":{"ngg_post_thumbnail":0,"footnotes":""},"categories":[1],"tags":[],"class_list":["post-7915","post","type-post","status-publish","format-standard","hentry","category-bez-kategorii"],"_links":{"self":[{"href":"https:\/\/wesolarodzinka9.pl\/index.php?rest_route=\/wp\/v2\/posts\/7915","targetHints":{"allow":["GET"]}}],"collection":[{"href":"https:\/\/wesolarodzinka9.pl\/index.php?rest_route=\/wp\/v2\/posts"}],"about":[{"href":"https:\/\/wesolarodzinka9.pl\/index.php?rest_route=\/wp\/v2\/types\/post"}],"author":[{"embeddable":true,"href":"https:\/\/wesolarodzinka9.pl\/index.php?rest_route=\/wp\/v2\/users\/2"}],"replies":[{"embeddable":true,"href":"https:\/\/wesolarodzinka9.pl\/index.php?rest_route=%2Fwp%2Fv2%2Fcomments&post=7915"}],"version-history":[{"count":2,"href":"https:\/\/wesolarodzinka9.pl\/index.php?rest_route=\/wp\/v2\/posts\/7915\/revisions"}],"predecessor-version":[{"id":7929,"href":"https:\/\/wesolarodzinka9.pl\/index.php?rest_route=\/wp\/v2\/posts\/7915\/revisions\/7929"}],"wp:attachment":[{"href":"https:\/\/wesolarodzinka9.pl\/index.php?rest_route=%2Fwp%2Fv2%2Fmedia&parent=7915"}],"wp:term":[{"taxonomy":"category","embeddable":true,"href":"https:\/\/wesolarodzinka9.pl\/index.php?rest_route=%2Fwp%2Fv2%2Fcategories&post=7915"},{"taxonomy":"post_tag","embeddable":true,"href":"https:\/\/wesolarodzinka9.pl\/index.php?rest_route=%2Fwp%2Fv2%2Ftags&post=7915"}],"curies":[{"name":"wp","href":"https:\/\/api.w.org\/{rel}","templated":true}]}}