{"id":8414,"date":"2021-05-03T14:42:55","date_gmt":"2021-05-03T12:42:55","guid":{"rendered":"http:\/\/wesolarodzinka9.pl\/?p=8414"},"modified":"2021-05-06T20:13:23","modified_gmt":"2021-05-06T18:13:23","slug":"maly-artysta-kreatywny-przedszkolak-7","status":"publish","type":"post","link":"https:\/\/wesolarodzinka9.pl\/?p=8414","title":{"rendered":"Ma\u0142y artysta, kreatywny przedszkolak"},"content":{"rendered":"\r\n<p style=\"text-align: center;\">Z okazji \u015awi\u0119ta Konstytucji 3 Maja dzieci wykona\u0142y pi\u0119kne prace plastyczne r\u00f3\u017cnymi technikami.<\/p>\r\n\r\n\r\n\r\nngg_shortcode_0_placeholder\r\n","protected":false},"excerpt":{"rendered":"<p>Z okazji \u015awi\u0119ta Konstytucji 3 Maja dzieci wykona\u0142y pi\u0119kne prace plastyczne r\u00f3\u017cnymi technikami.<\/p>\n","protected":false},"author":2,"featured_media":0,"comment_status":"closed","ping_status":"closed","sticky":false,"template":"","format":"standard","meta":{"ngg_post_thumbnail":0,"footnotes":""},"categories":[1],"tags":[],"class_list":["post-8414","post","type-post","status-publish","format-standard","hentry","category-bez-kategorii"],"_links":{"self":[{"href":"https:\/\/wesolarodzinka9.pl\/index.php?rest_route=\/wp\/v2\/posts\/8414","targetHints":{"allow":["GET"]}}],"collection":[{"href":"https:\/\/wesolarodzinka9.pl\/index.php?rest_route=\/wp\/v2\/posts"}],"about":[{"href":"https:\/\/wesolarodzinka9.pl\/index.php?rest_route=\/wp\/v2\/types\/post"}],"author":[{"embeddable":true,"href":"https:\/\/wesolarodzinka9.pl\/index.php?rest_route=\/wp\/v2\/users\/2"}],"replies":[{"embeddable":true,"href":"https:\/\/wesolarodzinka9.pl\/index.php?rest_route=%2Fwp%2Fv2%2Fcomments&post=8414"}],"version-history":[{"count":3,"href":"https:\/\/wesolarodzinka9.pl\/index.php?rest_route=\/wp\/v2\/posts\/8414\/revisions"}],"predecessor-version":[{"id":8451,"href":"https:\/\/wesolarodzinka9.pl\/index.php?rest_route=\/wp\/v2\/posts\/8414\/revisions\/8451"}],"wp:attachment":[{"href":"https:\/\/wesolarodzinka9.pl\/index.php?rest_route=%2Fwp%2Fv2%2Fmedia&parent=8414"}],"wp:term":[{"taxonomy":"category","embeddable":true,"href":"https:\/\/wesolarodzinka9.pl\/index.php?rest_route=%2Fwp%2Fv2%2Fcategories&post=8414"},{"taxonomy":"post_tag","embeddable":true,"href":"https:\/\/wesolarodzinka9.pl\/index.php?rest_route=%2Fwp%2Fv2%2Ftags&post=8414"}],"curies":[{"name":"wp","href":"https:\/\/api.w.org\/{rel}","templated":true}]}}