{"id":8521,"date":"2021-05-09T12:37:05","date_gmt":"2021-05-09T10:37:05","guid":{"rendered":"http:\/\/wesolarodzinka9.pl\/?p=8521"},"modified":"2021-05-09T12:37:05","modified_gmt":"2021-05-09T10:37:05","slug":"dzien-strazaka","status":"publish","type":"post","link":"https:\/\/wesolarodzinka9.pl\/?p=8521","title":{"rendered":"Dzie\u0144 Stra\u017caka"},"content":{"rendered":"\n<p style=\"text-align:center\">4 maja Stra\u017cacy obchodzili swoje \u015bwi\u0119to i z tej okazji dzieci  zdoby\u0142y nowe wiadomo\u015bci na  temat zawodu stra\u017caka. Wybralismy si\u0119 r\u00f3wnie\u017c na spacer, podczas kt\u00f3rego pokazali\u015bmy dzieciom, gdzie znajduje si\u0119 Stra\u017c Po\u017carna. <\/p>\n\n\n\nngg_shortcode_0_placeholder\n","protected":false},"excerpt":{"rendered":"<p>4 maja Stra\u017cacy obchodzili swoje \u015bwi\u0119to i z tej okazji dzieci zdoby\u0142y nowe wiadomo\u015bci na temat zawodu stra\u017caka. Wybralismy si\u0119 r\u00f3wnie\u017c na spacer, podczas kt\u00f3rego pokazali\u015bmy dzieciom, gdzie znajduje si\u0119 Stra\u017c Po\u017carna.<\/p>\n","protected":false},"author":2,"featured_media":0,"comment_status":"closed","ping_status":"closed","sticky":false,"template":"","format":"standard","meta":{"ngg_post_thumbnail":0,"footnotes":""},"categories":[1],"tags":[],"class_list":["post-8521","post","type-post","status-publish","format-standard","hentry","category-bez-kategorii"],"_links":{"self":[{"href":"https:\/\/wesolarodzinka9.pl\/index.php?rest_route=\/wp\/v2\/posts\/8521","targetHints":{"allow":["GET"]}}],"collection":[{"href":"https:\/\/wesolarodzinka9.pl\/index.php?rest_route=\/wp\/v2\/posts"}],"about":[{"href":"https:\/\/wesolarodzinka9.pl\/index.php?rest_route=\/wp\/v2\/types\/post"}],"author":[{"embeddable":true,"href":"https:\/\/wesolarodzinka9.pl\/index.php?rest_route=\/wp\/v2\/users\/2"}],"replies":[{"embeddable":true,"href":"https:\/\/wesolarodzinka9.pl\/index.php?rest_route=%2Fwp%2Fv2%2Fcomments&post=8521"}],"version-history":[{"count":1,"href":"https:\/\/wesolarodzinka9.pl\/index.php?rest_route=\/wp\/v2\/posts\/8521\/revisions"}],"predecessor-version":[{"id":8531,"href":"https:\/\/wesolarodzinka9.pl\/index.php?rest_route=\/wp\/v2\/posts\/8521\/revisions\/8531"}],"wp:attachment":[{"href":"https:\/\/wesolarodzinka9.pl\/index.php?rest_route=%2Fwp%2Fv2%2Fmedia&parent=8521"}],"wp:term":[{"taxonomy":"category","embeddable":true,"href":"https:\/\/wesolarodzinka9.pl\/index.php?rest_route=%2Fwp%2Fv2%2Fcategories&post=8521"},{"taxonomy":"post_tag","embeddable":true,"href":"https:\/\/wesolarodzinka9.pl\/index.php?rest_route=%2Fwp%2Fv2%2Ftags&post=8521"}],"curies":[{"name":"wp","href":"https:\/\/api.w.org\/{rel}","templated":true}]}}