{"id":8752,"date":"2021-05-29T09:49:31","date_gmt":"2021-05-29T07:49:31","guid":{"rendered":"http:\/\/wesolarodzinka9.pl\/?p=8752"},"modified":"2021-05-31T19:23:23","modified_gmt":"2021-05-31T17:23:23","slug":"maly-artysta-kreatywny-przedszkolak-8","status":"publish","type":"post","link":"https:\/\/wesolarodzinka9.pl\/?p=8752","title":{"rendered":"Ma\u0142y artysta, kreatywny przedszkolak"},"content":{"rendered":"\r\n<p style=\"text-align: center;\">Za nami kolejny artystyczny dzie\u0144, tematem przewodnim by\u0142a &#8222;Wiosna na \u0142\u0105ce&#8221; . Dzieci pozna\u0142y ro\u015bliny, owady i zwierz\u0119ta , kt\u00f3re mo\u017cna spotka\u0107 wiosn\u0105 na \u0142\u0105ce ,z wielkim zaanga\u017cowaniem wykona\u0142y prace plastyczne r\u00f3\u017cnymi technikami.<\/p>\r\n\r\n\r\n\r\nngg_shortcode_0_placeholder\r\n","protected":false},"excerpt":{"rendered":"<p>Za nami kolejny artystyczny dzie\u0144, tematem przewodnim by\u0142a &#8222;Wiosna na \u0142\u0105ce&#8221; . Dzieci pozna\u0142y ro\u015bliny, owady i zwierz\u0119ta , kt\u00f3re mo\u017cna spotka\u0107 wiosn\u0105 na \u0142\u0105ce ,z wielkim zaanga\u017cowaniem wykona\u0142y prace plastyczne r\u00f3\u017cnymi technikami.<\/p>\n","protected":false},"author":2,"featured_media":0,"comment_status":"closed","ping_status":"closed","sticky":false,"template":"","format":"standard","meta":{"ngg_post_thumbnail":0,"footnotes":""},"categories":[1],"tags":[],"class_list":["post-8752","post","type-post","status-publish","format-standard","hentry","category-bez-kategorii"],"_links":{"self":[{"href":"https:\/\/wesolarodzinka9.pl\/index.php?rest_route=\/wp\/v2\/posts\/8752","targetHints":{"allow":["GET"]}}],"collection":[{"href":"https:\/\/wesolarodzinka9.pl\/index.php?rest_route=\/wp\/v2\/posts"}],"about":[{"href":"https:\/\/wesolarodzinka9.pl\/index.php?rest_route=\/wp\/v2\/types\/post"}],"author":[{"embeddable":true,"href":"https:\/\/wesolarodzinka9.pl\/index.php?rest_route=\/wp\/v2\/users\/2"}],"replies":[{"embeddable":true,"href":"https:\/\/wesolarodzinka9.pl\/index.php?rest_route=%2Fwp%2Fv2%2Fcomments&post=8752"}],"version-history":[{"count":5,"href":"https:\/\/wesolarodzinka9.pl\/index.php?rest_route=\/wp\/v2\/posts\/8752\/revisions"}],"predecessor-version":[{"id":8793,"href":"https:\/\/wesolarodzinka9.pl\/index.php?rest_route=\/wp\/v2\/posts\/8752\/revisions\/8793"}],"wp:attachment":[{"href":"https:\/\/wesolarodzinka9.pl\/index.php?rest_route=%2Fwp%2Fv2%2Fmedia&parent=8752"}],"wp:term":[{"taxonomy":"category","embeddable":true,"href":"https:\/\/wesolarodzinka9.pl\/index.php?rest_route=%2Fwp%2Fv2%2Fcategories&post=8752"},{"taxonomy":"post_tag","embeddable":true,"href":"https:\/\/wesolarodzinka9.pl\/index.php?rest_route=%2Fwp%2Fv2%2Ftags&post=8752"}],"curies":[{"name":"wp","href":"https:\/\/api.w.org\/{rel}","templated":true}]}}