{"id":8986,"date":"2021-08-30T19:08:26","date_gmt":"2021-08-30T17:08:26","guid":{"rendered":"http:\/\/wesolarodzinka9.pl\/?p=8986"},"modified":"2022-04-24T17:28:42","modified_gmt":"2022-04-24T15:28:42","slug":"biedronki-2","status":"publish","type":"post","link":"https:\/\/wesolarodzinka9.pl\/?p=8986","title":{"rendered":"Biedronki"},"content":{"rendered":"<p><img loading=\"lazy\" decoding=\"async\" class=\"alignnone size-medium wp-image-9072 alignleft\" title=\"biedronki\" src=\"http:\/\/wesolarodzinka9.pl\/wp-content\/uploads\/2021\/08\/biedronki-300x225.jpg\" alt=\"biedronki\" width=\"300\" height=\"225\" srcset=\"https:\/\/wesolarodzinka9.pl\/wp-content\/uploads\/2021\/08\/biedronki-300x225.jpg 300w, https:\/\/wesolarodzinka9.pl\/wp-content\/uploads\/2021\/08\/biedronki-768x576.jpg 768w, https:\/\/wesolarodzinka9.pl\/wp-content\/uploads\/2021\/08\/biedronki-1024x768.jpg 1024w\" sizes=\"auto, (max-width: 300px) 100vw, 300px\" \/><\/p>\n<p>&nbsp;<\/p>\n<p>&nbsp;<\/p>\n<p>&nbsp;<\/p>\n<p>&nbsp;<\/p>\n<p>&nbsp;<\/p>\n<p><strong>Adresy mailowe nauczycieli:<\/strong><\/p>\n<p>mrasienska@wesolarodzinka9.pl<\/p>\n<hr>\n<p><strong>Wielkanocne inspiracje Biedronek<\/strong><\/p>\nngg_shortcode_0_placeholder\n<hr>\n<p><strong>Dzie\u0144 Czekolady <\/strong><\/p>\nngg_shortcode_1_placeholder\n<hr>\n<p><strong>Zamierzenia dydaktyczno- wychowawcze na kwiecie\u0144:<\/strong><\/p>\n<p>&#8211; wdra\u017canie do&nbsp;wykonywania prac zwi\u0119kszaj\u0105cych sprawno\u015b\u0107 manualn\u0105<\/p>\n<p>&#8211; aktywno\u015b\u0107 ruchowa, uczestnictwo w&nbsp;zabawach na&nbsp;\u015bwie\u017cym powietrzu oraz&nbsp;uprawianie sportu<\/p>\n<p>&#8211; doskonalenie umiej\u0119tno\u015bci panowania nad emocjami<\/p>\n<p>&#8211; udzia\u0142 w&nbsp;zaj\u0119ciach kulinarnych z&nbsp;przestrzeganiem zasad higieny i&nbsp;bezpiecze\u0144stwa<\/p>\n<p>&#8211; kszta\u0142towanie poczucia przynale\u017cno\u015bci do&nbsp;rodziny, narodu poprzez obchodzone tradycje i&nbsp;zwyczaje<\/p>\n<p>&#8211; rozwijanie zainteresowania liter\u0105 \u201ej\u201d, \u201eJ\u201d, udzia\u0142 w&nbsp;zabawach i&nbsp;grach utrwalaj\u0105cych znajomo\u015b\u0107 liter<\/p>\n<p>&#8211; zapoznanie si\u0119 ze znakiem graficznym liter \u201eg\u201d, \u201eG\u201d, uczestnictwo w procesie alfabetyzacji, wykazywanie zainteresowania czytaniem oraz poznawaniem liter<\/p>\n<p>&#8211; wzbogacenie s\u0142ownika czynnego i&nbsp;biernego zwi\u0105zanego z&nbsp;tematyk\u0105 \u015bwi\u0105teczn\u0105<\/p>\n<p>&#8211; rozwijanie zainteresowa\u0144 tradycjami wielkanocnymi<\/p>\n<p>&#8211; doskonalenie umiej\u0119tno\u015bci liczenia na&nbsp;miar\u0119 mo\u017cliwo\u015bci dziecka<\/p>\n<p>&#8211; dbanie o&nbsp;higien\u0119 oraz&nbsp;dostrzeganie zagro\u017cenia wynikaj\u0105cego z&nbsp;jej nieprzestrzegania<\/p>\n<p>&#8211; uwa\u017cno\u015b\u0107 na&nbsp;trudne sytuacje innych i&nbsp;sposoby ich rozwi\u0105zywania<\/p>\n<p>&#8211; wsp\u00f3\u0142odczuwanie emocji zwierz\u0105t domowych, wra\u017cliwo\u015b\u0107 na&nbsp;ich potrzeby<\/p>\n<p>&#8211; znajomo\u015b\u0107 i&nbsp;rozumienie obowi\u0105zk\u00f3w cz\u0142onk\u00f3w rodziny w&nbsp;zakresie opieki nad zwierz\u0119tami<\/p>\n<p>&#8211; wzbogacanie wiedzy na&nbsp;temat zwierz\u0105t domowych i&nbsp;hodowlanych<\/p>\n<p>&#8211; por\u00f3wnywanie d\u0142ugo\u015bci \u201ena&nbsp;oko\u201d i&nbsp;przez przyk\u0142adanie przedmiot\u00f3w, u\u017cywanie okre\u015ble\u0144: \u201ed\u0142u\u017cszy\u201d, \u201ekr\u00f3tszy\u201d<\/p>\n<p>&#8211; rozumienie znaczenia miar w&nbsp;\u017cyciu cz\u0142owieka<\/p>\n<p>&#8211; znajomo\u015b\u0107 i&nbsp;stosowanie zapisu cyfrowego od&nbsp;\u201e0\u201d do&nbsp;\u201e10\u201d<\/p>\n<p>-kszta\u0142towanie prawid\u0142owych reakcji na negatywne zmiany w otoczeniu przyrodniczym poprzez aktywny udzia\u0142 w oszcz\u0119dzaniu jej zasob\u00f3w, m.in. oszcz\u0119dzanie wody i energii<\/p>\n<p>-dostrzeganie wp\u0142ywu dzia\u0142alno\u015bci cz\u0142owieka na przyrod\u0119 \u2013 zanieczyszczenie powietrza, wody i gleby, odpady, zmiany klimatyczne \u2013 na podstawie informacji z literatury, spotka\u0144 z ekspertami, spacer\u00f3w i wycieczek, film\u00f3w edukacyjnych, zdj\u0119\u0107<\/p>\n<p>-czytanie symboli i znak\u00f3w znajduj\u0105cych si\u0119 w otoczeniu<\/p>\n<p>-eksperymentowanie z d\u017awi\u0119kiem i rytmem, tworzenie w\u0142asnych instrument\u00f3w muzycznych<\/p>\n<p>-dostrzeganie, co jest dobre, a co z\u0142e oraz wyra\u017canie opinii i ocen<\/p>\n<p>-odr\u00f3\u017cnianie element\u00f3w \u015bwiata fikcji od realnej rzeczywisto\u015bci<\/p>\n<p>-znajomo\u015b\u0107 procesu powstawania ksi\u0105\u017cki oraz dzielenie ksi\u0105\u017cek na dost\u0119pne kategorie<\/p>\n<p>-szukanie rym\u00f3w i tworzenie kr\u00f3tkich rymowanek, wyliczanek i wierszy<\/p>\n<p>-rozr\u00f3\u017cnianie kierunk\u00f3w w przestrzeni<\/p>\n<p>&#8211; dokonywanie analizy i syntezy sylabowej wyraz\u00f3w<\/p>\n<hr>\n<p><strong>Praca plastyczna &#8222;Tulipany&#8221;<\/strong><\/p>\nngg_shortcode_2_placeholder\n<hr>\n<p><strong>Tak si\u0119 bawimy<\/strong><\/p>\nngg_shortcode_3_placeholder\n<hr>\n<p><strong>Akcja dokarmiania tych najmniejszych<\/strong><\/p>\nngg_shortcode_4_placeholder\n<hr>\n<p><strong>Zaj\u0119cia uatrakcyjniaj\u0105ce popo\u0142udnie<\/strong><\/p>\nngg_shortcode_5_placeholder\n<hr>\n<p><strong>Zamierzenia dydaktyczno- wychowawcze na stycze\u0144:<\/strong><\/p>\n<ul>\n<li>Uczestnictwo w organizowanych zabawach ruchowych ( w sali i na \u015bwie\u017cym powietrzu)<\/li>\n<li>Odczuwanie wi\u0119zi z. grup\u0105 r\u00f3wie\u015bnicz\u0105 i wychowawc\u0105 oraz aktywne w\u0142\u0105czanie si\u0119 w podejmowane dzia\u0142ania<\/li>\n<li>Wykorzystywanie zjawisk fizycznych do zabaw konstrukcyjnych<\/li>\n<li>Doskonalenie analizy i syntezy prostych s\u0142\u00f3w<\/li>\n<li>Dokonywanie pomiaru odleg\u0142o\u015bci, szacowanie odleg\u0142o\u015bci<\/li>\n<li>Doskonalenie umiej\u0119tno\u015bci pos\u0142ugiwania si\u0119 w dost\u0119pnym zakresie liczebnikami porz\u0105dkowymi i dostrzeganie ich znaczenia, poznawanie cyfr od 1 do 8<\/li>\n<li>Zainteresowanie liter\u0105 p, s<\/li>\n<li>Samodzielne przytaczanie s\u0142\u00f3w rozpoczynaj\u0105cych si\u0119 g\u0142osk\u0105 p i s<\/li>\n<li>Podejmowanie pr\u00f3b czytania prostych wyraz\u00f3w z poznanych liter<\/li>\n<li>Wykonywanie prac plastyczno-technicznych z przestrzeganiem zasad: oszcz\u0119dnego gospodarowania materia\u0142em, w\u0142a\u015bciwego organizowania miejsca pracy i sprz\u0105tania po jej zako\u0144czeniu<\/li>\n<li>Doskonalenie sprawno\u015bci cia\u0142a i koordynacji przygotowuj\u0105cych do nauki pisania i czytania<\/li>\n<li>Uwa\u017cne s\u0142uchanie i analizowanie wypowiedzi innych podczas rozmowy swobodnej i kierowanej<\/li>\n<li>Dostrzeganie znaczenia uniwersalnych warto\u015bci, wa\u017cnych w odniesieniu do siebie i innych<\/li>\n<li>Dostrzeganie zwi\u0105zk\u00f3w przyczynowo \u2013 skutkowych, prawid\u0142owo\u015bci podczas przeprowadzania do\u015bwiadcze\u0144 i eksperyment\u00f3w<\/li>\n<li>Wzbogacanie umiej\u0119tno\u015bci opisywania obrazk\u00f3w z dostrzeganiem przedmiot\u00f3w, cech, czynno\u015bci, emocji<\/li>\n<li>Por\u00f3wnywanie d\u0142ugo\u015bci, u\u017cywanie okre\u015ble\u0144 \u201ed\u0142u\u017cszy\u201d, \u201ekr\u00f3tszy\u201d<\/li>\n<li>Odczuwanie empatii i ch\u0119\u0107 udzielania wsparcia osobom starszym i potrzebuj\u0105cym pomocy; odczuwanie satysfakcji z faktu dzielenia si\u0119 lub obdarowywania innych<\/li>\n<li>Wykazywanie zainteresowania histori\u0105 w\u0142asnej rodziny, ch\u0119\u0107 kultywowania tradycji<\/li>\n<li>Dostrzeganie, \u017ce wynik liczenia nie zale\u017cy od uk\u0142adu element\u00f3w i kolejno\u015bci liczenia<\/li>\n<li>Pr\u00f3by radzenia sobie z nieprzyjemnymi emocjami, nauka okazywania emocji w akceptowany spo\u0142ecznie spos\u00f3b<\/li>\n<li>Werbalizowanie swoich my\u015bli, oczekiwa\u0144, stan\u00f3w emocjonalnych<\/li>\n<li>Umacnianie wiary we w\u0142asne mo\u017cliwo\u015bci, budowanie pozytywnego obrazu w\u0142asnej osoby<\/li>\n<li>Odr\u00f3\u017cnianie \u015bwiata fikcji od rzeczywisto\u015bci<\/li>\n<li>Kszta\u0142towanie aktywnej postawy podczas zaj\u0119\u0107: stawianie pytania, udzielanie odpowiedzi, pod\u0105\u017canie za tokiem rozmowy<\/li>\n<li>\u015awiadomo\u015b\u0107, \u017ce bogactwo nie stanowi o sukcesie, szcz\u0119\u015bciu i warto\u015bci cz\u0142owieka<\/li>\n<li>Krytyka wobec przejaw\u00f3w nier\u00f3wnego traktowania, wyszydzania czy szykanowania<\/li>\n<\/ul>\n<hr>\n<p class=\"subject\"><strong>Praca plastyczno- techniczna &#8221; Choineczka&#8221; Biedronki<\/strong><\/p>\nngg_shortcode_6_placeholder\n<hr>\n<p class=\"subject\"><strong>Zaj\u0119cia uatrakcyjniaj\u0105ce &#8222;Ba\u0142wanek&#8221;<\/strong><\/p>\nngg_shortcode_7_placeholder\n<hr>\n<p class=\"subject\">Spacer do parku<\/p>\nngg_shortcode_8_placeholder\n<hr>\n<p><b>Miko\u0142ajki<\/b><\/p>\nngg_shortcode_9_placeholder\n<hr>\n<p><b>Zamierzenia dydaktyczno- wychowawcze na grudzie\u0144:<\/b><\/p>\n<ul>\n<li><span style=\"font-weight: 400;\"> konstruowanie, majsterkowanie, budowanie z&nbsp;wykorzystaniem zabawek, materia\u0142\u00f3w u\u017cytkowych,&nbsp;w&nbsp;tym&nbsp;materia\u0142u naturalnego<\/span><\/li>\n<li><span style=\"font-weight: 400;\"> odpowiednie kszta\u0142towanie chwyt\u00f3w d\u0142oni<\/span><\/li>\n<li><span style=\"font-weight: 400;\"> poznanie pracy g\u00f3rnika, udzia\u0142 w uroczysto\u015bci barb\u00f3rkowej w przedszkolu<\/span><\/li>\n<li><span style=\"font-weight: 400;\"> wyra\u017canie swoich marze\u0144 o miko\u0142ajkowych prezentach<\/span><\/li>\n<li><span style=\"font-weight: 400;\"> znajomo\u015b\u0107 zasad odpowiedniego zachowania w&nbsp;teatrze<\/span><\/li>\n<li><span style=\"font-weight: 400;\"> wcielanie si\u0119 w&nbsp;rol\u0119 aktora, wykorzystywanie komunikat\u00f3w werbalnych i&nbsp;niewerbalnych<\/span><\/li>\n<li><span style=\"font-weight: 400;\"> poszerzanie aktywno\u015bci tw\u00f3rczej przez tworzenie scenerii, pacynek<\/span><\/li>\n<li><span style=\"font-weight: 400;\"> rozwijanie wiedzy o&nbsp;teatrze<\/span><\/li>\n<li><span style=\"font-weight: 400;\"> poznanie obrazu graficznego litery \u201ey\u201d<\/span><\/li>\n<li><span style=\"font-weight: 400;\"> dostrzeganie warto\u015bci \u015bwi\u0105t, kt\u00f3rych przes\u0142aniem jest dawanie dobra, okazywanie serca i&nbsp;pomaganie<\/span><\/li>\n<li><span style=\"font-weight: 400;\"> aktywne w\u0142\u0105czanie si\u0119 w&nbsp;przygotowania do&nbsp;\u015bwi\u0105t w&nbsp;domu i&nbsp;w&nbsp;przedszkolu<\/span><\/li>\n<li><span style=\"font-weight: 400;\"> wzbogacanie wiedzy na&nbsp;temat tradycji \u015bwi\u0105tecznych ze&nbsp;szczeg\u00f3lnym zwr\u00f3ceniem uwagi na&nbsp;zwyczaje rodzinne i&nbsp;regionalne<\/span><\/li>\n<li><span style=\"font-weight: 400;\"> dostrzeganie pi\u0119kna ozd\u00f3b \u015bwi\u0105tecznych, dostrzeganie r\u00f3\u017cnych styl\u00f3w, technik ich wykonania<\/span><\/li>\n<li><span style=\"font-weight: 400;\"> nabywanie wzorc\u00f3w pi\u0119knej polszczyzny przez s\u0142uchanie utwor\u00f3w literackich, nauk\u0119 wierszy na&nbsp;pami\u0119\u0107, udzia\u0142 w&nbsp;inscenizacjach<\/span><\/li>\n<li><span style=\"font-weight: 400;\"> odczuwanie rado\u015bci ze&nbsp;wsp\u00f3lnego kol\u0119dowania<\/span><\/li>\n<li><span style=\"font-weight: 400;\"> wykorzystywanie ekspresji plastycznej jako sposobu tworzenia pi\u0119kna<\/span><\/li>\n<li><span style=\"font-weight: 400;\"> odtwarzanie rytm\u00f3w poprzez r\u00f3\u017cne formy reprezentacji zgodnie z&nbsp;podanym wzorem<\/span><\/li>\n<li><span style=\"font-weight: 400;\"> wzbogacanie do\u015bwiadczenia w&nbsp;zakresie por\u00f3wnywania d\u0142ugo\u015bci<\/span><\/li>\n<li><span style=\"font-weight: 400;\"> poszerzenie wiedzy na&nbsp;temat rodzaj\u00f3w zegark\u00f3w<\/span><\/li>\n<li><span style=\"font-weight: 400;\"> okre\u015blanie czynno\u015bci wykonywanych w&nbsp;r\u00f3\u017cnych cz\u0119\u015bciach dnia: rano, w&nbsp;po\u0142udnie, wieczorem<\/span><\/li>\n<li><span style=\"font-weight: 400;\"> rozmawianie na&nbsp;temat czasu, rozumienie, \u017ce nie mo\u017cna go zatrzyma\u0107 ani cofn\u0105\u0107<\/span><\/li>\n<li><span style=\"font-weight: 400;\"> rozumienie poj\u0119\u0107: \u201ewczoraj\u201d, \u201edzi\u015b\u201d, \u201ejutro\u201d<\/span><\/li>\n<li><span style=\"font-weight: 400;\"> utrwalanie nazw p\u00f3r roku<\/span><\/li>\n<li><span style=\"font-weight: 400;\"> poznawanie nazw miesi\u0119cy w&nbsp;odpowiedniej kolejno\u015bci<\/span><\/li>\n<\/ul>\n<hr>\n<p class=\"subject\"><strong>Zaj\u0119cia o Polsce<\/strong><\/p>\nngg_shortcode_10_placeholder\n<hr>\n<p class=\"subject\"><strong>Dzie\u0144 kredki<\/strong><\/p>\nngg_shortcode_11_placeholder\n<hr>\n<p class=\"subject\"><strong>Bawimy si\u0119 emocjami<\/strong><\/p>\nngg_shortcode_12_placeholder\n<hr>\n<p class=\"subject\"><strong>Karuzela pomys\u0142\u00f3w<\/strong><\/p>\nngg_shortcode_13_placeholder\n<hr>\n<p class=\"subject\"><strong>Urodziny Ksawerego<\/strong><\/p>\nngg_shortcode_14_placeholder\n<p class=\"subject\">&nbsp;<\/p>\n<hr>\n<p class=\"subject\"><strong>Prace wykonane przez dzieci podczas nauki zdalnej<\/strong><\/p>\nngg_shortcode_15_placeholder\n<hr>\n<p class=\"subject\"><strong>Symbole pogodowe<\/strong><\/p>\nngg_shortcode_16_placeholder\n<hr>\n<p class=\"subject\"><strong>Praca &#8222;Jesie\u0144 w parku&#8221;<\/strong><\/p>\nngg_shortcode_17_placeholder\n<hr>\n<p class=\"subject\"><strong>Spacer do parku<\/strong><\/p>\nngg_shortcode_18_placeholder\n<hr>\n<p><b>Dzie\u0144 dobry Biedronki!&nbsp;<\/b><\/p>\n<p><span style=\"font-weight: 400;\">Dzi\u015b porozmawiamy o pogodzie, kt\u00f3r\u0105 mamy za oknami.&nbsp;<\/span><\/p>\n<p><span style=\"font-weight: 400;\">Na pocz\u0105tek znana Wam <\/span><b>zabawa muzyczno-ruchowa \u201eDmucha wiatr\u201d<\/b><\/p>\n<p><a href=\"https:\/\/www.youtube.com\/watch?v=RRF72F4_8yc\"><span style=\"font-weight: 400;\">https:\/\/www.youtube.com\/watch?v=RRF72F4_8yc<\/span><\/a><span style=\"font-weight: 400;\">&nbsp;<\/span><\/p>\n<p><span style=\"font-weight: 400;\">Proponuj\u0119 Wam <\/span><b>zabaw\u0119 w meteorolog\u00f3w<\/b><span style=\"font-weight: 400;\">. S\u0105 to ludzie zajmuj\u0105cy si\u0119 badaniem ruch\u00f3w powietrza, opadami i temperatur\u0105 powietrza. Mamy r\u00f3\u017cne rodzaje termometr\u00f3w: pokojowy, zewn\u0119trzny, lekarski. Sprawd\u017acie, czy macie je w domu. Do czego s\u0142u\u017cy ka\u017cdy termometr? Zwracamy uwag\u0119 na kreski i cyfry wskazuj\u0105ce temperatur\u0119. Odczytajcie temperatur\u0119 w pomieszczeniu, a nast\u0119pnie po\u0142\u00f3\u017ccie &nbsp; termometr zewn\u0119trzny na p\u00f3\u0142 godziny na parapecie za oknem. Dzi\u0119ki temu b\u0119dziecie mogli obserwowa\u0107 i odczytywa\u0107 temperatur\u0119 oraz okre\u015bla\u0107, czy jest wysoka czy niska.&nbsp;<\/span><\/p>\n<p><b>Pos\u0142uchajcie opowiadania W\u0142odzimierza Dulemby \u201eKapu\u015bniaczek\u201d.&nbsp;<\/b><\/p>\n<p><span style=\"font-weight: 400;\">(Rozmowa na temat r\u00f3\u017cnych rodzaj\u00f3w deszczu.&nbsp;<\/span><\/p>\n<p><span style=\"font-weight: 400;\">Rodzic czyta opowiadanie, a nast\u0119pnie zwraca uwag\u0119 dzieci na rodzaj deszczu, o kt\u00f3rym jest mowa w tek\u015bcie. Dzieci wymieniaj\u0105 cechy kapu\u015bniaczka oraz innych rodzaj\u00f3w deszczu. Odpowiadaj\u0105 na pytania:&nbsp;<\/span><\/p>\n<p><span style=\"font-weight: 400;\">\u2013 <\/span><i><span style=\"font-weight: 400;\">O czym rozmawiaj\u0105 drzewa podczas deszczu?&nbsp;<\/span><\/i><\/p>\n<p><span style=\"font-weight: 400;\">\u2013 <\/span><i><span style=\"font-weight: 400;\">Co mo\u017cemy robi\u0107, kiedy pada deszcz?&nbsp;<\/span><\/i><\/p>\n<p><span style=\"font-weight: 400;\">\u2013 <\/span><i><span style=\"font-weight: 400;\">W co nale\u017cy si\u0119 ubra\u0107 w deszczow\u0105 pogod\u0119?)<\/span><\/i><\/p>\n<p><b>\u201eKapu\u015bniaczek\u201d&nbsp;<\/b><\/p>\n<p><span style=\"font-weight: 400;\">Pogoda za\u0142ama\u0142a si\u0119 nagle. Jeszcze wczoraj by\u0142o w miar\u0119 ciep\u0142o, a przede wszystkim s\u0142onecznie. W nocy zacz\u0105\u0142 pada\u0107 drobny deszcz i pada do dzisiaj. Pada, a w\u0142a\u015bciwie si\u0105pi, czyli kropi ca\u0142y czas.&nbsp;<\/span><\/p>\n<p><span style=\"font-weight: 400;\">\u015awiat wygl\u0105da bardzo smutno, kiedy deszcz si\u0105pi. Ludzie wtedy m\u00f3wi\u0105: \u201ePada kapu\u015bniaczek\u201d.&nbsp;<\/span><\/p>\n<p><span style=\"font-weight: 400;\">Co ma wsp\u00f3lnego g\u0119sty, drobny deszcz z zup\u0105 z kapusty? Chyba tylko to, \u017ce kapu\u015bniak mo\u017cna je\u015b\u0107 przez ca\u0142y rok i taki deszczyk te\u017c mo\u017cna spotka\u0107 we wszystkich porach roku, nawet w \u015brodku \u201eciep\u0142ej\u201d zimy.&nbsp;<\/span><\/p>\n<p><span style=\"font-weight: 400;\">\u2013 Komu smacznego kapu\u015bniaczku, komu? \u2013 pyta\u0142a jesie\u0144. \u2013 Komu, komu, bo id\u0119 do domu \u2013 wo\u0142a\u0142a jak prawdziwa przekupka z targu.&nbsp;<\/span><\/p>\n<p><span style=\"font-weight: 400;\">\u2013 Daj mnie \u2013 poprosi\u0142 d\u0105b. \u2013 Zjem kilka talerzy \u2013 zapewni\u0142.&nbsp;<\/span><\/p>\n<p><span style=\"font-weight: 400;\">\u2013 O taki grubas to potrzebuje kilka wiader, a nie talerzy \u2013 \u017cartowa\u0142a m\u0142odziutka olcha.&nbsp;<\/span><\/p>\n<p><span style=\"font-weight: 400;\">\u2013 Milcz, olchowa chudzino, bo\u2026&nbsp;<\/span><\/p>\n<p><span style=\"font-weight: 400;\">\u2013 Wcale si\u0119 ciebie nie boj\u0119 \u2013 przerwa\u0142a mu olcha. \u2013 Nic mi nie mo\u017cesz zrobi\u0107.&nbsp;<\/span><\/p>\n<p><span style=\"font-weight: 400;\">\u2013 Na razie jeste\u015b w b\u0142\u0119dzie, a za chwil\u0119 mo\u017cesz by\u0107 w ob\u0142\u0119dzie \u2013 postraszy\u0142 olch\u0119 d\u0105b.&nbsp;<\/span><\/p>\n<p><span style=\"font-weight: 400;\">\u2013 Na pr\u00f3\u017cno ostrzysz sobie z\u0119by, nie straszne mi d\u0119by \u2013 za\u015bmia\u0142a si\u0119 olcha.&nbsp;<\/span><\/p>\n<p><span style=\"font-weight: 400;\">\u2013 Komu smacznego kapu\u015bniaczku, komu, bo id\u0119 do domu \u2013 nios\u0142o si\u0119 po lesie wo\u0142anie jesieni.&nbsp;<\/span><\/p>\n<p><span style=\"font-weight: 400;\">\u2013 Wiesz, \u017ce wiatr jest moim kumplem? \u2013 spyta\u0142 d\u0105b m\u0142odziutk\u0105 olch\u0119.&nbsp;<\/span><\/p>\n<p><span style=\"font-weight: 400;\">\u2013 Wiatr jest przyjacielem i wrogiem wszystkich drzew \u2013 odpowiedzia\u0142a rezolutna olcha. \u2013 Niech ci si\u0119 nie wydaje, \u017ce jak mocniej zawieje, to tobie nic si\u0119 nie stanie. Mocny wiatr pr\u0119dzej mo\u017ce powali\u0107 ciebie ni\u017c mnie \u2013 wyja\u015bni\u0142a.&nbsp;<\/span><\/p>\n<p><span style=\"font-weight: 400;\">\u2013 A czemu\u017c to?&nbsp;<\/span><\/p>\n<p><span style=\"font-weight: 400;\">\u2013 A temu\u017c to \u2013 przedrze\u017ania\u0142a d\u0105b olcha \u2013 \u017ce jak mocno zawieje, to ja z nim zata\u0144cz\u0119, zrobi\u0119 kilka obrot\u00f3w i sk\u0142on\u00f3w i wr\u00f3c\u0119 do siebie, czyli na swoje miejsce. A ty zostaniesz powalony albo wyrwany z korzeniami. Nie s\u0142ysza\u0142e\u015b o wietrze wyrwid\u0119bie?&nbsp;<\/span><\/p>\n<p><span style=\"font-weight: 400;\">\u2013 No, tego\u2026 No, tego, no\u2026 \u2013 zacz\u0105\u0142 j\u0105ka\u0107 si\u0119 d\u0105b, wyra\u017anie zbity z tropu. I w czasie, kiedy jesie\u0144 znowu zacz\u0119\u0142a zachwala\u0107 sw\u00f3j kapu\u015bniaczek, d\u0105b usi\u0142owa\u0142 zebra\u0107 swoje d\u0119bie my\u015bli, ale ci\u0119\u017cko mu sz\u0142o.&nbsp;<\/span><\/p>\n<p><span style=\"font-weight: 400;\">\u2013 Jeste\u015b, d\u0119bie, jak dinozaur, jak drzewny dinozaur \u2013 \u015bmia\u0142a si\u0119 filigranowa olcha. \u2013 A wiesz, czemu dinozaury wygin\u0119\u0142y? \u2013 spyta\u0142a.&nbsp;<\/span><\/p>\n<p><span style=\"font-weight: 400;\">\u2013 Nie.&nbsp;<\/span><\/p>\n<p><span style=\"font-weight: 400;\">\u2013 Bo by\u0142y tak ogromne, \u017ce zanim my\u015bl z ich m\u00f3zgu dotar\u0142a do \u0142ap i ogona, to one ju\u017c zd\u0105\u017cy\u0142y zapomnie\u0107, czego chcia\u0142y i o czym my\u015bla\u0142y, cha, cha \u2013 \u015bmia\u0142a si\u0119 olcha.&nbsp;<\/span><\/p>\n<p><span style=\"font-weight: 400;\">\u2013 I chcesz powiedzie\u0107\u2026 \u2013 zacz\u0105\u0142 d\u0105b.&nbsp;<\/span><\/p>\n<p><span style=\"font-weight: 400;\">\u2013 W\u0142a\u015bnie to chc\u0119 powiedzie\u0107, \u017ce zanim jedna twoja my\u015bl dotrze od korony do korzeni, to ja ju\u017c zd\u0105\u017c\u0119 pomy\u015ble\u0107 sto razy o r\u00f3\u017cnych sprawach. I zapami\u0119taj sobie, \u017ce nie wszystko, co ogromne i silne, zawsze ma racj\u0119 albo jest lepsze od mniejszych i s\u0142abszych. \u2013 Wszyscy si\u0119 ju\u017c najedli? \u2013 spyta\u0142a jesie\u0144. \u2013 Mo\u017ce ty, olcho, chcesz jeszcze dok\u0142adk\u0119? Co\u015b mizernie wygl\u0105dasz, taka chudzina z ciebie\u2026&nbsp;<\/span><\/p>\n<p><span style=\"font-weight: 400;\">\u2013 Dzi\u0119kuj\u0119 bardzo, dobrej pani jesieni, za pyszny kapu\u015bniaczek. Ju\u017c nie jestem g\u0142odna, a nawet zrobi\u0142am w swoich korzeniach zapasy.&nbsp;<\/span><\/p>\n<p><span style=\"font-weight: 400;\">Kiedy b\u0119dzie pada\u0142 kapu\u015bniaczek, popatrzcie przez okno na drzewa w s\u0105siedztwie i spr\u00f3bujcie dowiedzie\u0107 si\u0119, o czym rozmawiaj\u0105. Kapu\u015bniaczek pada cicho, wi\u0119c mo\u017ce uda si\u0119 wam co\u015b pods\u0142ucha\u0107? Trzymam kciuki. Powodzenia.&nbsp;<\/span><\/p>\n<p><i><span style=\"font-weight: 400;\">W\u0142odzimierz Dulemba<\/span><\/i><\/p>\n<p><span style=\"font-weight: 400;\">Teraz zapraszam do ogl\u0105dania <\/span><b>filmu edukacyjnego \u201ePaxi &#8211; Cykl hydrologiczny\u201d. <\/b><span style=\"font-weight: 400;\">Porozmawiajcie z rodzicami o tym, czego nowego dowiedzieli\u015bcie si\u0119 z tego filmu.&nbsp;<\/span><\/p>\n<p><a href=\"https:\/\/www.youtube.com\/watch?v=4Pcvil1sVJ8\"><span style=\"font-weight: 400;\">https:\/\/www.youtube.com\/watch?v=4Pcvil1sVJ8<\/span><\/a><span style=\"font-weight: 400;\">&nbsp;<\/span><\/p>\n<p><span style=\"font-weight: 400;\">Mo\u017ce macie ochot\u0119 zrobi\u0107 pi\u0119kny <\/span><b>deszczowy obrazek<\/b><span style=\"font-weight: 400;\">, kt\u00f3ry powiesimy w naszej sali? Jutro czekam na obrazki, ju\u017c jestem ciekawa waszych pomys\u0142\u00f3w.&nbsp;<\/span><\/p>\n<p><span style=\"font-weight: 400;\">Na koniec<\/span><b> pos\u0142uchajcie \u201eDeszczowej piosenki\u201d.<\/b><span style=\"font-weight: 400;\"> Mo\u017ce uda Wam si\u0119 jej nauczy\u0107 i jutro za\u015bpiewamy j\u0105 wsp\u00f3lnie <\/span><span style=\"font-weight: 400;\">\u263a<\/span><span style=\"font-weight: 400;\">&nbsp;<\/span><\/p>\n<p><a href=\"https:\/\/www.youtube.com\/watch?v=nusPMHbwlrQ\"><span style=\"font-weight: 400;\">https:\/\/www.youtube.com\/watch?v=nusPMHbwlrQ<\/span><\/a><span style=\"font-weight: 400;\">&nbsp;<\/span><\/p>\n<p><span style=\"font-weight: 400;\">Do zobaczenia! Pozdrawiam! Pani Ma\u0142gosia <\/span><span style=\"font-weight: 400;\">\u263a<\/span><span style=\"font-weight: 400;\">&nbsp;<\/span><\/p>\n<hr>\n<p><strong>Podr\u00f3\u017c przez legendy polskie.<\/strong><\/p>\n<p>Witajcie Biedronki!<\/p>\n<p>Jak Wasze samopoczucie? Mamy nadziej\u0119, \u017ce wszystko u Was w porz\u0105dku.<\/p>\n<p>Wracamy dzi\u015b do naszych zaj\u0119\u0107 zdalnych i na rozgrzewk\u0119 zach\u0119cam wsp\u00f3lnie po\u0107wiczy\u0107 z Lulisi\u0105 i LulitusiamiJ<\/p>\n<p><a href=\"https:\/\/www.youtube.com\/watch?v=Tc82wV1jV-4\">https:\/\/www.youtube.com\/watch?v=Tc82wV1jV-4<\/a><\/p>\n<p>Dzi\u015b chcemy kontynuowa\u0107 poznawanie naszego kraju przy okazji \u015bwi\u0119ta 11 listopada.<\/p>\n<p>Dobrze ju\u017c wiecie, \u017ce stolic\u0105 Polski jest Warszawa. A czy wiecie sk\u0105d wzi\u0119\u0142a si\u0119 Warszawa? Zastan\u00f3wcie si\u0119 razem z rodzicami jak powsta\u0142a Warszawa.<\/p>\n<p>&nbsp;<\/p>\n<p>Znalezienie odpowiedzi na to pytanie mo\u017ce by\u0107 bardzo trudne, dlatego mam dla Was ma\u0142\u0105 podpowied\u017a- czy wiecie co to legenda? Spr\u00f3bujcie poszuka\u0107 z rodzicami odpowiedzi w s\u0142owniku lub internecie. Pomocny mo\u017ce by\u0107 tak\u017ce film edukacyjny:<\/p>\n<p><a href=\"https:\/\/www.youtube.com\/watch?v=eAIohkEYPKE\">https:\/\/www.youtube.com\/watch?v=eAIohkEYPKE<\/a><\/p>\n<p>Wiemy ju\u017c co to legenda. Taka te\u017c w\u0142a\u015bnie opowie\u015b\u0107 przedstawia nam powstanie miasta Warszawa. Zapraszam Was serdecznie do jej wys\u0142uchania:<\/p>\n<p><a href=\"https:\/\/www.youtube.com\/watch?v=oOUTLcq4zgs\">https:\/\/www.youtube.com\/watch?v=oOUTLcq4zgs<\/a><\/p>\n<p>Spr\u00f3bujcie odpowiedzie\u0107 na kilka pyta\u0144:<\/p>\n<p>O jakim mie\u015bcie jest legenda?<br \/>\n&#8211; Kto wyst\u0119puje w legendzie?<br \/>\n&#8211; Gdzie mieszka\u0142 Wars?<\/p>\n<p>&#8211; Dlaczego Wars pop\u0142yn\u0105\u0142 na ratunek Sawie?<br \/>\n&#8211; Co Sawa poda\u0142a Warsowi?<br \/>\n&#8211; Jak zako\u0144czy\u0142a si\u0119 historia?<\/p>\n<p>Aby legenda ta dobrze zapad\u0142a nam w pami\u0119ci zach\u0119cam do wykonania dowolnego rysunku- zwi\u0105zanego z tre\u015bci\u0105 legendy. Koniecznie zachowajcie go i przynie\u015bcie do przedszkola, by utworzy\u0107 wspania\u0142\u0105 galeri\u0119 Waszych prac.<\/p>\n<p>Zabawa ruchowa \u201e \u017bo\u0142nierze\u201d<\/p>\n<p>Dzieci zamieniaj\u0105 si\u0119 w \u017co\u0142nierzy. Zadaniem rodzic\u00f3w jest w\u0142\u0105czy\u0107 dowoln\u0105 muzyk\u0119\/piosenk\u0119 i zatrzymywa\u0107 j\u0105. \u017bo\u0142nierze maszeruj\u0105 zgodnie z rytmem muzyki, za\u015b w przerwie w muzyce zatrzymuj\u0105 si\u0119 w pozycji \u201e Baczno\u015b\u0107\u201d.<\/p>\n<p>\u201eTor przeszk\u00f3d dla \u017co\u0142nierzy\u201d \u2013 spr\u00f3bujcie wsp\u00f3lnie z rodzicami utworzy\u0107 w domu tor przeszk\u00f3d na kt\u00f3rym m\u00f3g\u0142by trenowa\u0107 \u017co\u0142nierz. Pami\u0119tajcie jednak by zadba\u0107 o swoje bezpiecze\u0144stwo i r\u00f3bcie to pod nadzorem rodzic\u00f3w. Udanej zabawy!<\/p>\n<hr>\n<p><strong>Symbole narodowe.<\/strong><\/p>\n<p>Witajcie Biedronki w kolejnym dniu!<\/p>\n<p>Dzisiaj poznamy bli\u017cej nasz kraj oraz to co sprawia, \u017ce jest on taki wyj\u0105tkowy.<\/p>\n<p>Czy s\u0142yszeli\u015bcie ju\u017c kiedy\u015b o czym\u015b takim jak symbole narodowe?<\/p>\n<p>Zapraszam do wsp\u00f3lnego obejrzenia filmu na ten temat.<\/p>\n<p><a href=\"https:\/\/www.youtube.com\/watch?v=vNl7ZI7Co2Y\">https:\/\/www.youtube.com\/watch?v=vNl7ZI7Co2Y<\/a><\/p>\n<p>Teraz ju\u017c wiemy, \u017ce nasz kraj ma 3 wyj\u0105tkowe symbole. Jeden z nich poznali\u015bmy ju\u017c wcze\u015bniej przygotowuj\u0105c si\u0119 do apelu z okazji 11 listopada, kt\u00f3ry przypada w\u0142a\u015bnie dzi\u015b. Chcemy si\u0119 tak\u017ce w\u0142\u0105czy\u0107 w t\u0105 akcje, dlatego mo\u017cecie wsp\u00f3lnie z rodzicami od\u015bpiewa\u0107 Hymn w domu. Pami\u0119tajcie o odpowiedniej postawie podczas \u015bpiewania.<\/p>\n<p><a href=\"https:\/\/www.youtube.com\/watch?v=wXHySaR8LIk\">https:\/\/www.youtube.com\/watch?v=wXHySaR8LIk<\/a><\/p>\n<p>Zabawa ruchowa Biel i czerwie\u0144.<br \/>\nPomoce:<br \/>\n\u00b7 Dowolny instrument lub d\u0142onie<br \/>\nRodzic gra rytmicznie na instrumencie muzycznym lub klaszcze w d\u0142onie, a dzieci przeskakuj\u0105 z nogi na nog\u0119 po ca\u0142ym pomieszczeniu. Gdy rodzic przestaje gra\u0107 lub klaska\u0107 w d\u0142onie dzieci podbiegaj\u0105 do czego\u015b czerwonego lub bia\u0142ego znajduj\u0105cego si\u0119 w pomieszczeniu. Przy kolejnych powt\u00f3rzeniach zabawy dzieci dotykaj\u0105 przedmiot\u00f3w inn\u0105 cz\u0119\u015bci\u0105 cia\u0142a, np.: d\u0142oni\u0105, palcem wskazuj\u0105cym, \u0142okciem, czo\u0142em.<\/p>\n<p>Praca plastyczna \u201e Mozaikowe Polskie drzewo\u201d ( Prac\u0119 po powrocie z zaj\u0119\u0107 zdalnych nale\u017cy przynie\u015b\u0107 do przedszkola)<\/p>\n<p>Potrzebne b\u0119d\u0105: kartka a4 ( niebieska, b\u0142\u0119kitna), listki wyci\u0119te z bia\u0142ego i czerwonego papieru, br\u0105zowy konar wyci\u0119ty z papieru lub namalowany farbami\/narysowany kredkami.<\/p>\n<p>Na \u015brodku kartki przyklej konar z br\u0105zowego papieru lub go narysuj\/namaluj. Nast\u0119pnie stw\u00f3rz koron\u0119 drzewa z li\u015bci w barwach flagi ( zachowuj\u0105c odpowiednie u\u0142o\u017cenie kolor\u00f3w).<\/p>\n<hr>\n<p>Drodzy Rodzice,<\/p>\n<p>Od dzi\u015b na stronie naszego przedszkola b\u0119d\u0105 pojawia\u0142y si\u0119 materia\u0142y z propozycjami zabaw i \u0107wicze\u0144 na czas zaj\u0119\u0107 zdalnych dla grupy Biedronki. Serdecznie zach\u0119camy do realizacji zada\u0144 i \u017cyczymy dobrej zabawy i owocnej pracy w domu.<\/p>\n<p>&nbsp;&nbsp;&nbsp;&nbsp;&nbsp;&nbsp;&nbsp;&nbsp;&nbsp;&nbsp;&nbsp;&nbsp;&nbsp;&nbsp;&nbsp;&nbsp;&nbsp;&nbsp;&nbsp;&nbsp;&nbsp;&nbsp;&nbsp;&nbsp;&nbsp;&nbsp;&nbsp;&nbsp;&nbsp;&nbsp;&nbsp;&nbsp;&nbsp;&nbsp;&nbsp;&nbsp;&nbsp;&nbsp;&nbsp;&nbsp;&nbsp;&nbsp;&nbsp;&nbsp;&nbsp;&nbsp; <strong>Polska \u2013 m\u00f3j kraj.<\/strong><\/p>\n<p>Drodzy Rodzice i Biedronki,<br \/>\nPragn\u0119 zaprosi\u0107 Was do aktywnego udzia\u0142u w nauczaniu zdalnym. Dzisiaj wsp\u00f3lnie poznamy Polsk\u0119 \u2013 nasz kraj.<\/p>\n<p>W ramach zaj\u0119\u0107 chcia\u0142abym zaprosi\u0107 Was do wsp\u00f3lnych \u0107wicze\u0144 gimnastycznych. Ale pami\u0119tajcie by wykonywa\u0107 je bezpiecznie w domu. Poni\u017cej znajduje si\u0119&nbsp;film do opowie\u015bci ruchowej:<\/p>\n<p><a href=\"https:\/\/www.youtube.com\/watch?v=3jYMtFKCidE\">https:\/\/www.youtube.com\/watch?v=3jYMtFKCidE<\/a><\/p>\n<p>W ramach przygotowa\u0144 do \u015bwi\u0119ta 11 listopada poznamy dzisiaj Polsk\u0119 na mapie.<\/p>\n<p>Otw\u00f3rzcie wsp\u00f3lnie stron\u0119 internetow\u0105 z map\u0105 interaktywn\u0105 : <a href=\"https:\/\/www.arcgis.com\/apps\/webappviewer\/index.html?id=9b30bb306e53464fac3c758e7ae0d0ad\">https:\/\/www.arcgis.com\/apps\/webappviewer\/index.html?id=9b30bb306e53464fac3c758e7ae0d0ad<\/a> .<\/p>\n<p>Poogl\u0105dajcie razem jakie ciekawe miejsca znajduj\u0105 si\u0119 w naszym kraju. Poszukajcie na mapie gdzie znajduj\u0105 si\u0119 g\u00f3ry, mo\u017ce, rzeki, nasze miasto, wojew\u00f3dztwo, stolica Polski.<\/p>\n<p>Zabawa rytmiczna \u201eNa\u015bladuj mnie\u201d<\/p>\n<p>Zabawa polega na wygrywaniu dowolnego rytmu wymy\u015blonego przez rodzica. Zadaniem dzieci jest pr\u00f3bowanie odtworzenie tego samego rytmu, kt\u00f3ry zagra\u0142 rodzic. Rytmy mo\u017cna gra\u0107 za pomoc\u0105 d\u0142oni, dw\u00f3ch kredek, dw\u00f3ch orzech\u00f3w w\u0142oskich lub innymi dowolnymi przedmiotami.<\/p>\n<p><strong>Przygotowa\u0144 czas \u2013 Flaga Polski na 11 listopada. ( Prac\u0119 plastyczn\u0105 prosz\u0119 dostarczy\u0107 po powrocie do zaj\u0119\u0107 stacjonarnych w przedszkolu)<\/strong><\/p>\n<p>Przygotujcie razem z rodzicami prac\u0119 plastyczn\u0105 \u2013 Polsk\u0105 Flag\u0119.<br \/>\nKartk\u0119 a4 podzielcie na dwa r\u00f3wne prostok\u0105ty tak jak we wzorze.<\/p>\n<p>Nast\u0119pnie przygotuj powydzierane kawa\u0142ki papieru w kolorze czerwonym i bia\u0142ym.<\/p>\n<p>Gdy to b\u0119dzie gotowe, wyklej szablon flagi zgodnie z barwami Flagi Polski.<\/p>\n<hr>\n<p class=\"subject\"><strong>Praca plastyczna &#8222;Dzie\u0144 Postaci z Bajek&#8221;<\/strong><\/p>\nngg_shortcode_19_placeholder\n<hr>\n<p class=\"subject\"><strong>Wizyta w Centrum Inicjatyw Spo\u0142ecznych<\/strong><\/p>\nngg_shortcode_20_placeholder\n<hr>\n<p class=\"subject\"><strong>Zaj\u0119cia uatrakcyjniaj\u0105ce &#8211; &#8222;Parasole&#8221;<\/strong><\/p>\nngg_shortcode_21_placeholder\n<hr>\n<p>Grupa BIEDRONKI wzi\u0119\u0142a udzia\u0142 w CodeWeek czyli Europejskim Tygodniu Kodowania zdobywaj\u0105c certyfikat. Jest to spo\u0142eczna inicjatywa, w ramach kt\u00f3rej europejskie pa\u0144stwa rywalizuj\u0105 w liczbie zorganizowanych wydarze\u0144 zwiazanych z programowaniem. Od 11 do 15 pa\u017adziernika odbywa\u0142y si\u0119 zabawy zwi\u0105zane z kodowaniem. <img loading=\"lazy\" decoding=\"async\" class=\"size-medium wp-image-9848 aligncenter\" title=\"20211025_102120_800x600\" src=\"http:\/\/wesolarodzinka9.pl\/wp-content\/uploads\/2021\/08\/20211025_102120_800x600-300x225.jpg\" alt=\"20211025 102120 800x600\" width=\"300\" height=\"225\" srcset=\"https:\/\/wesolarodzinka9.pl\/wp-content\/uploads\/2021\/08\/20211025_102120_800x600-300x225.jpg 300w, https:\/\/wesolarodzinka9.pl\/wp-content\/uploads\/2021\/08\/20211025_102120_800x600-768x576.jpg 768w, https:\/\/wesolarodzinka9.pl\/wp-content\/uploads\/2021\/08\/20211025_102120_800x600.jpg 800w\" sizes=\"auto, (max-width: 300px) 100vw, 300px\" \/><\/p>\n<hr>\n<p><b>Urodziny Piotrusia<\/b><\/p>\nngg_shortcode_22_placeholder\n<hr>\n<p><b>Jesienne drzewo<\/b><\/p>\nngg_shortcode_23_placeholder\n<hr>\n<p><b>Zabawy ruchowe<\/b><\/p>\nngg_shortcode_24_placeholder\n<hr>\n<p><b>Nasze prace<\/b><\/p>\nngg_shortcode_25_placeholder\n<hr>\n<p><b>Zamierzenia dydaktyczno- wychowawcze na listopad:<\/b><\/p>\n<ul>\n<li><span style=\"font-weight: 400;\"> przestrzeganie zasad zachowania zapewniaj\u0105cych porz\u0105dek i bezpiecze\u0144stwo, dostrzeganie ewentualnych zagro\u017ce\u0144, nieprawid\u0142owego zachowania innych&nbsp;<\/span><\/li>\n<li><span style=\"font-weight: 400;\"> malowanie r\u0119kami i palcami, rozwijanie sprawno\u015bci manualnej&nbsp;<\/span><\/li>\n<li><span style=\"font-weight: 400;\"> uczestniczenie w zabawach ruchowych i zaj\u0119ciach gimnastycznych&nbsp;<\/span><\/li>\n<li><span style=\"font-weight: 400;\"> wykazywanie si\u0119 sprawno\u015bci\u0105 r\u0105k oraz koordynacj\u0105 wzrokowo-ruchow\u0105&nbsp;<\/span><\/li>\n<li><span style=\"font-weight: 400;\"> usprawnianie ruchomych narz\u0105d\u00f3w mowy, pionizowanie j\u0119zyka, wzmacnianie mi\u0119\u015bni policzk\u00f3w&nbsp;<\/span><\/li>\n<li><span style=\"font-weight: 400;\"> przewidywanie skutk\u00f3w swojego zachowania i kontrolowania go w trudnych sytuacjach<\/span><\/li>\n<li><span style=\"font-weight: 400;\"> rozr\u00f3\u017cnianie emocji i uczu\u0107 przyjemnych i nieprzyjemnych, rozumienie, \u017ce odczuwaj\u0105<\/span><span style=\"font-weight: 400;\"><br \/>\n<\/span><span style=\"font-weight: 400;\"> i prze\u017cywaj\u0105 je wszyscy ludzie&nbsp;<\/span><\/li>\n<li><span style=\"font-weight: 400;\"> kszta\u0142towanie \u015bwiadomo\u015bci narodowej i poczucia dumy z faktu bycia Polakiem przez dostrzeganie pi\u0119kna: j\u0119zyka, muzyki, tradycji, historii, architektury, sztuki&nbsp;<\/span><\/li>\n<li><span style=\"font-weight: 400;\"> kszta\u0142towanie podstawowej orientacji na mapie Polski&nbsp;<\/span><\/li>\n<li><span style=\"font-weight: 400;\"> zapoznanie z symbolami narodowymi Polski<\/span><\/li>\n<li><span style=\"font-weight: 400;\"> znajomo\u015b\u0107 numer\u00f3w alarmowych i rozpoznawanie sytuacji, w kt\u00f3rych dziecko powinno je zastosowa\u0107&nbsp;<\/span><\/li>\n<li><span style=\"font-weight: 400;\"> znajomo\u015b\u0107 zasad bezpiecze\u0144stwa, zawod\u00f3w zwi\u0105zanych z bezpiecze\u0144stwem i dostrzeganie ich roli&nbsp;<\/span><\/li>\n<li><span style=\"font-weight: 400;\"> znajomo\u015b\u0107 wybranych zasad ruchu drogowego, stosowanie przyj\u0119tych zasad bezpiecze\u0144stwa&nbsp;<\/span><\/li>\n<li><span style=\"font-weight: 400;\"> doskonalenie analizy i syntezy s\u0142uchowej wyraz\u00f3w&nbsp;<\/span><\/li>\n<li><span style=\"font-weight: 400;\"> utrwalanie znajomo\u015bci swojego adresu, \u015bwiadomo\u015b\u0107, w jakich sytuacjach i komu takie informacje mo\u017cna podawa\u0107&nbsp;<\/span><\/li>\n<li><span style=\"font-weight: 400;\"> znajomo\u015b\u0107 cyfr \u201e4, 5\u201d, tworzenie zbior\u00f3w r\u00f3wnolicznych, przeliczanie&nbsp;<\/span><\/li>\n<li><span style=\"font-weight: 400;\"> pos\u0142ugiwanie si\u0119 poj\u0119ciami dotycz\u0105cymi kierunku w przestrzeni z w\u0142asnego punktu widzenia, ale i z punktu widzenia innej osoby: w prawo, w lewo, do ty\u0142u, do przodu&nbsp;<\/span><\/li>\n<li><span style=\"font-weight: 400;\"> rozumienie, jak dzia\u0142a termometr&nbsp;<\/span><\/li>\n<li><span style=\"font-weight: 400;\"> wykonywanie \u0107wicze\u0144 grafomotorycznych&nbsp;<\/span><\/li>\n<li><span style=\"font-weight: 400;\"> poznanie obrazu graficznego g\u0142oski \u201ek, K\u201d oraz \u201eu, U\u201d&nbsp;<\/span><\/li>\n<li><span style=\"font-weight: 400;\"> zrozumienie w\u0142a\u015bciwo\u015bci wody, jej stan\u00f3w skupienia podczas do\u015bwiadcze\u0144&nbsp;<\/span><\/li>\n<li><span style=\"font-weight: 400;\"> zrozumienie obiegu wody w przyrodzie&nbsp;<\/span><\/li>\n<li><span style=\"font-weight: 400;\"> ilustrowanie zdarze\u0144, poj\u0119\u0107 i zjawisk oraz wyra\u017canie emocji poprzez r\u00f3\u017cnorodne formy ekspresji: plastyczn\u0105, techniczn\u0105, muzyczn\u0105<\/span><\/li>\n<\/ul>\n<hr>\n<p class=\"subject\"><strong>Jesienne prace plastyczno- techniczne<\/strong><\/p>\nngg_shortcode_26_placeholder\n<hr>\n<p class=\"subject\"><strong>Zabawy taneczne&nbsp; z chustami<\/strong><\/p>\nngg_shortcode_27_placeholder\n<hr>\n<p class=\"subject\"><strong>Urodziny Adasia<\/strong><\/p>\nngg_shortcode_28_placeholder\n<hr>\n<p class=\"subject\"><strong>Zaj\u0119cia i prace&nbsp; z kodowania <\/strong><\/p>\nngg_shortcode_29_placeholder\n<hr>\n<p class=\"subject\"><strong>Zabawy konstrukcyjne klockami magnetycznymi<\/strong><\/p>\nngg_shortcode_30_placeholder\n<hr>\n<p class=\"subject\"><strong>Owoce z plasteliny<\/strong><\/p>\n<p>ngg_shortcode_31_placeholder<strong>&nbsp;<\/strong><\/p>\n<hr>\n<p><strong>Sukienka Pani Jesieni<\/strong><\/p>\nngg_shortcode_32_placeholder\n<hr>\n<p><strong>Zamierzenia dydaktyczno- wychowawcze na pa\u017adziernik:<\/strong><\/p>\n<ul>\n<li>uczestniczenie w zabawach ruchowych<\/li>\n<li>wykonywanie podstawowych \u0107wicze\u0144 gimnastycznych<\/li>\n<li>wykonywanie czynno\u015bci porz\u0105dkowych, samoobs\u0142ugowych<\/li>\n<li>doskonalenie ma\u0142ej motoryki<\/li>\n<li>u\u017cywanie chwytu pisarskiego podczas rysowania i kre\u015blenia<\/li>\n<li>dostrzeganie emocjonalnej warto\u015bci otoczenia przyrodniczego<\/li>\n<li>radzenie sobie z sytuacjami trudnymi emocjonalnie, np. z przegran\u0105<\/li>\n<li>panowanie nad nieprzyjemnymi emocjami, np. podczas czekania na swoj\u0105 kolej<\/li>\n<li>rozpoznawanie emocji na podstawie wyrazu twarzy<\/li>\n<li>dostrzeganie, \u017ce zwierz\u0119ta maj\u0105 zdolno\u015b\u0107 odczuwania, przejawia wobec nich \u017cyczliwo\u015b\u0107 i trosk\u0119<\/li>\n<li>wsp\u00f3\u0142praca z r\u00f3wie\u015bnikami<\/li>\n<li>nawi\u0105zywanie relacji r\u00f3wie\u015bniczych<\/li>\n<li>obdarzanie uwag\u0105 innych dzieci<\/li>\n<li>przestrzeganie zasad w grupie<\/li>\n<li>rozwijanie wra\u017cliwo\u015bci zmys\u0142owej<\/li>\n<li>rozpoznawanie i okre\u015blanie smak\u00f3w, identyfikowanie smaku z owocem<\/li>\n<li>identyfikacja zapisu cyfry 2, 3<\/li>\n<li>znajomo\u015b\u0107 znaczenia poj\u0119cia ,,para\u201d<\/li>\n<li>przek\u0142adanie jednych prawid\u0142owo\u015bci rytmicznych na inne<\/li>\n<li>zainteresowanie literami: ,,M,E,L, I\u201d<\/li>\n<li>znajomo\u015b\u0107 znaczenia s\u0142owa ,,mandala\u201d<\/li>\n<li>uk\u0142adanie jesiennych mandali<\/li>\n<li>klasyfikacja przedmiot\u00f3w wed\u0142ug wskazanego kryterium, tworzenie zbior\u00f3w<\/li>\n<li>tworzenie i uk\u0142adanie matematycznych rytm\u00f3w<\/li>\n<li>wzbogacanie wiedzy na temat warzyw i owoc\u00f3w<\/li>\n<li>wyodr\u0119bnianie cz\u0119\u015bci jadalnych warzyw<\/li>\n<li>samodzielne wykonywanie do\u015bwiadcze\u0144 z u\u017cyciem soku z czerwonej kapusty<\/li>\n<li>znajomo\u015b\u0107 prac wykonywanych jesieni\u0105 w ogrodzie<\/li>\n<li>poszerzanie wiedzy i zdobywanie wiadomo\u015bci na temat otaczaj\u0105cej przyrody, poznawanie wygl\u0105du, zwyczaj\u00f3w i sposob\u00f3w od\u017cywiania zwierz\u0105t le\u015bnych<\/li>\n<li>doskonalenie analizy i syntezy sylabowej<\/li>\n<li>rozpoznawanie wybranych gatunk\u00f3w drzew (li\u015bcie i ich owoce)<\/li>\n<\/ul>\n<hr>\n<p class=\"subject\"><strong>Ziemia- nasza planeta<\/strong><\/p>\nngg_shortcode_33_placeholder\n<hr>\n<p><b>Uk\u0142ad s\u0142oneczny<\/b><\/p>\nngg_shortcode_34_placeholder\n<hr>\n<p><b>Zaj\u0119cia gimnastyczne<\/b><\/p>\nngg_shortcode_35_placeholder\n<hr>\n<p><b>Nasze latawce<\/b><\/p>\nngg_shortcode_36_placeholder\n<hr>\n<p><b>Urodziny Kingi<\/b><\/p>\nngg_shortcode_37_placeholder\n<hr>\n<p><b>Zabawy sensoryczne<\/b><\/p>\nngg_shortcode_38_placeholder\n<hr>\n<p><b>Pierwsze prace plastyczne<\/b><\/p>\nngg_shortcode_39_placeholder\n<hr>\n<p><b>Zamierzenia dydaktyczno- wychowawcze na wrzesie\u0144:<\/b><\/p>\n<ul>\n<li><span style=\"font-weight: 400;\"> kszta\u0142towanie w\u0142a\u015bciwych chwyt\u00f3w d\u0142oni podczas czynno\u015bci takich, jak sprz\u0105tanie, zabawy, rysowanie i kre\u015blenie wzor\u00f3w<\/span><\/li>\n<li><span style=\"font-weight: 400;\"> wykonywanie podstawowych \u0107wiczenia kszta\u0142tuj\u0105cych nawyk utrzymania prawid\u0142owej postawy cia\u0142a<\/span><\/li>\n<li><span style=\"font-weight: 400;\"> udzia\u0142 w zabawach ruchowych integruj\u0105cych grup\u0119<\/span><\/li>\n<li><span style=\"font-weight: 400;\"> kszta\u0142towanie umiej\u0119tno\u015bci prawid\u0142owego pos\u0142ugiwania si\u0119 no\u017cyczkami<\/span><\/li>\n<li><span style=\"font-weight: 400;\"> doskonalenie percepcji wzrokowej i s\u0142uchowej,&nbsp;<\/span><\/li>\n<li><span style=\"font-weight: 400;\"> nabywanie gotowo\u015bci do nauki pisania poprzez doskonalenie du\u017cej i ma\u0142ej motoryki<\/span><\/li>\n<li><span style=\"font-weight: 400;\"> nabywanie gotowo\u015bci do nauki czytania poprzez doskonalenie sprawno\u015bci aparatu artykulacyjnego, oddechowego i emisyjnego<\/span><\/li>\n<li><span style=\"font-weight: 400;\"> rozpoznawanie i nazywanie emocji swoich i innych os\u00f3b<\/span><\/li>\n<li><span style=\"font-weight: 400;\"> wzbudzanie pozytywnych emocji podczas badania i odkrywania \u015bwiata&nbsp;<\/span><\/li>\n<li><span style=\"font-weight: 400;\"> dostrzeganie emocjonalnej warto\u015bci otoczenia przyrodniczego<\/span><\/li>\n<li><span style=\"font-weight: 400;\"> kszta\u0142towanie poczucia przynale\u017cno\u015bci do grupy r\u00f3wie\u015bniczej, integracja z grup\u0105<\/span><\/li>\n<li><span style=\"font-weight: 400;\"> stosowanie zwrot\u00f3w grzeczno\u015bciowych<\/span><\/li>\n<li><span style=\"font-weight: 400;\"> znajomo\u015b\u0107 zasad obowi\u0105zuj\u0105cych w grupie i przestrzeganie ich<\/span><\/li>\n<li><span style=\"font-weight: 400;\"> dostrzeganie problem\u00f3w ekologicznych naszej planety<\/span><\/li>\n<li><span style=\"font-weight: 400;\"> wskazywanie sposob\u00f3w radzenia sobie z zagro\u017ceniem naszej planety<\/span><\/li>\n<li><span style=\"font-weight: 400;\"> wyra\u017canie swojego rozumienia \u015bwiata, zjawisk i rzeczy znajduj\u0105cych si\u0119 w bliskim otoczeniu za pomoc\u0105 komunikat\u00f3w pozawerbalnych: intencjonalnego ruchu, gest\u00f3w, impresji plastycznych, teatralnych, mimicznych<\/span><\/li>\n<li><span style=\"font-weight: 400;\"> kszta\u0142towanie umiej\u0119tno\u015bci wyra\u017cania swojego rozumienia \u015bwiata, zjawisk i rzeczy znajduj\u0105cych si\u0119 w bliskim otoczeniu za pomoc\u0105 j\u0119zyka m\u00f3wionego<\/span><\/li>\n<li><span style=\"font-weight: 400;\"> eksperymentowanie z rytmem i d\u017awi\u0119kiem, doskonalenie percepcji s\u0142uchowej<\/span><\/li>\n<li><span style=\"font-weight: 400;\"> klasyfikowanie przedmiot\u00f3w wed\u0142ug wybranej cechy, tworzenie grup pasuj\u0105cych do siebie przedmiot\u00f3w<\/span><\/li>\n<li><span style=\"font-weight: 400;\"> wzbudzenie zainteresowania literami: \u201eO, A, T\u201d<\/span><\/li>\n<li><span style=\"font-weight: 400;\"> wzbudzanie zainteresowania zabawami badawczymi<\/span><\/li>\n<li><span style=\"font-weight: 400;\"> okre\u015blanie po\u0142o\u017cenie kartki papieru wzgl\u0119dem siebie i innych<\/span><\/li>\n<li><span style=\"font-weight: 400;\"> wskazywanie zjawisk przyrodniczych zwi\u0105zanych z odej\u015bciem lata<\/span><\/li>\n<li><span style=\"font-weight: 400;\"> wzbudzanie zainteresowania map\u0105 podczas zabaw<\/span><\/li>\n<li><span style=\"font-weight: 400;\"> poznawanie kontynent\u00f3w i cz\u0119\u015bci \u015bwiata na mapie<\/span><\/li>\n<li><span style=\"font-weight: 400;\"> stosowanie liczebnik\u00f3w porz\u0105dkowych<\/span><\/li>\n<li><span style=\"font-weight: 400;\"> okazywanie zainteresowania obrazem graficznym cyfry \u201e1\u201d<\/span><\/li>\n<\/ul>\n<p>&nbsp;<\/p>\n","protected":false},"excerpt":{"rendered":"<p>&nbsp; &nbsp; &nbsp; &nbsp; &nbsp; Adresy mailowe nauczycieli: mrasienska@wesolarodzinka9.pl Wielkanocne inspiracje Biedronek Dzie\u0144 Czekolady Zamierzenia dydaktyczno- wychowawcze na kwiecie\u0144: &#8211; wdra\u017canie do&nbsp;wykonywania prac zwi\u0119kszaj\u0105cych sprawno\u015b\u0107 manualn\u0105 &#8211; aktywno\u015b\u0107 ruchowa, uczestnictwo w&nbsp;zabawach na&nbsp;\u015bwie\u017cym powietrzu oraz&nbsp;uprawianie sportu &#8211; doskonalenie umiej\u0119tno\u015bci panowania nad emocjami &#8211; udzia\u0142 w&nbsp;zaj\u0119ciach kulinarnych z&nbsp;przestrzeganiem zasad higieny i&nbsp;bezpiecze\u0144stwa &#8211; kszta\u0142towanie poczucia przynale\u017cno\u015bci do&nbsp;rodziny, narodu &hellip; <\/p>\n<p class=\"link-more\"><a href=\"https:\/\/wesolarodzinka9.pl\/?p=8986\" class=\"more-link\">Czytaj dalej<span class=\"screen-reader-text\"> \u201eBiedronki\u201d<\/span><\/a><\/p>\n","protected":false},"author":1,"featured_media":0,"comment_status":"closed","ping_status":"closed","sticky":false,"template":"","format":"standard","meta":{"ngg_post_thumbnail":0,"footnotes":""},"categories":[12],"tags":[],"class_list":["post-8986","post","type-post","status-publish","format-standard","hentry","category-grupy-przedszkolne"],"_links":{"self":[{"href":"https:\/\/wesolarodzinka9.pl\/index.php?rest_route=\/wp\/v2\/posts\/8986","targetHints":{"allow":["GET"]}}],"collection":[{"href":"https:\/\/wesolarodzinka9.pl\/index.php?rest_route=\/wp\/v2\/posts"}],"about":[{"href":"https:\/\/wesolarodzinka9.pl\/index.php?rest_route=\/wp\/v2\/types\/post"}],"author":[{"embeddable":true,"href":"https:\/\/wesolarodzinka9.pl\/index.php?rest_route=\/wp\/v2\/users\/1"}],"replies":[{"embeddable":true,"href":"https:\/\/wesolarodzinka9.pl\/index.php?rest_route=%2Fwp%2Fv2%2Fcomments&post=8986"}],"version-history":[{"count":52,"href":"https:\/\/wesolarodzinka9.pl\/index.php?rest_route=\/wp\/v2\/posts\/8986\/revisions"}],"predecessor-version":[{"id":9832,"href":"https:\/\/wesolarodzinka9.pl\/index.php?rest_route=\/wp\/v2\/posts\/8986\/revisions\/9832"}],"wp:attachment":[{"href":"https:\/\/wesolarodzinka9.pl\/index.php?rest_route=%2Fwp%2Fv2%2Fmedia&parent=8986"}],"wp:term":[{"taxonomy":"category","embeddable":true,"href":"https:\/\/wesolarodzinka9.pl\/index.php?rest_route=%2Fwp%2Fv2%2Fcategories&post=8986"},{"taxonomy":"post_tag","embeddable":true,"href":"https:\/\/wesolarodzinka9.pl\/index.php?rest_route=%2Fwp%2Fv2%2Ftags&post=8986"}],"curies":[{"name":"wp","href":"https:\/\/api.w.org\/{rel}","templated":true}]}}