{"id":9165,"date":"2021-09-17T15:56:05","date_gmt":"2021-09-17T13:56:05","guid":{"rendered":"http:\/\/wesolarodzinka9.pl\/?p=9165"},"modified":"2021-09-17T15:56:05","modified_gmt":"2021-09-17T13:56:05","slug":"dzien-sportu","status":"publish","type":"post","link":"https:\/\/wesolarodzinka9.pl\/?p=9165","title":{"rendered":"Dzie\u0144 Sportu"},"content":{"rendered":"\n<p style=\"text-align:center\">10.09. w pi\u0105tek odby\u0142 si\u0119 w naszym przedszkolu Dzie\u0144 sportu. G\u0142\u00f3wnym celem by\u0142o zach\u0119cenie dzieci do aktywno\u015bci ruchowej na \u015bwie\u017cym powietrzu, nabywanie wiary we w\u0142asne si\u0142y i mo\u017cliwo\u015bci oraz wzbogacanie prze\u017cy\u0107 . Ka\u017cde prawid\u0142owo wykonane \u0107wiczenie budzi\u0142o w dzieciach ogromna rado\u015b\u0107 i zadowolenie z dobrze wykonanego zadania.\u00a0<\/p>\n\n\n\nngg_shortcode_0_placeholder\n","protected":false},"excerpt":{"rendered":"<p>10.09. w pi\u0105tek odby\u0142 si\u0119 w naszym przedszkolu Dzie\u0144 sportu. G\u0142\u00f3wnym celem by\u0142o zach\u0119cenie dzieci do aktywno\u015bci ruchowej na \u015bwie\u017cym powietrzu, nabywanie wiary we w\u0142asne si\u0142y i mo\u017cliwo\u015bci oraz wzbogacanie prze\u017cy\u0107 . Ka\u017cde prawid\u0142owo wykonane \u0107wiczenie budzi\u0142o w dzieciach ogromna rado\u015b\u0107 i zadowolenie z dobrze wykonanego zadania.\u00a0<\/p>\n","protected":false},"author":2,"featured_media":0,"comment_status":"closed","ping_status":"closed","sticky":false,"template":"","format":"standard","meta":{"ngg_post_thumbnail":0,"footnotes":""},"categories":[1],"tags":[],"class_list":["post-9165","post","type-post","status-publish","format-standard","hentry","category-bez-kategorii"],"_links":{"self":[{"href":"https:\/\/wesolarodzinka9.pl\/index.php?rest_route=\/wp\/v2\/posts\/9165","targetHints":{"allow":["GET"]}}],"collection":[{"href":"https:\/\/wesolarodzinka9.pl\/index.php?rest_route=\/wp\/v2\/posts"}],"about":[{"href":"https:\/\/wesolarodzinka9.pl\/index.php?rest_route=\/wp\/v2\/types\/post"}],"author":[{"embeddable":true,"href":"https:\/\/wesolarodzinka9.pl\/index.php?rest_route=\/wp\/v2\/users\/2"}],"replies":[{"embeddable":true,"href":"https:\/\/wesolarodzinka9.pl\/index.php?rest_route=%2Fwp%2Fv2%2Fcomments&post=9165"}],"version-history":[{"count":1,"href":"https:\/\/wesolarodzinka9.pl\/index.php?rest_route=\/wp\/v2\/posts\/9165\/revisions"}],"predecessor-version":[{"id":9190,"href":"https:\/\/wesolarodzinka9.pl\/index.php?rest_route=\/wp\/v2\/posts\/9165\/revisions\/9190"}],"wp:attachment":[{"href":"https:\/\/wesolarodzinka9.pl\/index.php?rest_route=%2Fwp%2Fv2%2Fmedia&parent=9165"}],"wp:term":[{"taxonomy":"category","embeddable":true,"href":"https:\/\/wesolarodzinka9.pl\/index.php?rest_route=%2Fwp%2Fv2%2Fcategories&post=9165"},{"taxonomy":"post_tag","embeddable":true,"href":"https:\/\/wesolarodzinka9.pl\/index.php?rest_route=%2Fwp%2Fv2%2Ftags&post=9165"}],"curies":[{"name":"wp","href":"https:\/\/api.w.org\/{rel}","templated":true}]}}