{"id":9195,"date":"2021-09-17T16:26:46","date_gmt":"2021-09-17T14:26:46","guid":{"rendered":"http:\/\/wesolarodzinka9.pl\/?p=9195"},"modified":"2021-09-17T16:26:46","modified_gmt":"2021-09-17T14:26:46","slug":"dzien-kropki-2","status":"publish","type":"post","link":"https:\/\/wesolarodzinka9.pl\/?p=9195","title":{"rendered":"Dzie\u0144 Kropki"},"content":{"rendered":"\n<p style=\"text-align:center\"> 15 wrze\u015bnia obchodzili\u015bmy Mi\u0119dzynarodowy Dzie\u0144 Kropki. Jest to \u015bwi\u0119to odwagi i zabawy. Dzieci ogl\u0105da\u0142y bajk\u0119 jak to zwyczajna kropka zmieni\u0142a \u015bwiat ma\u0142ej dziewczynki  Vashti. Historia ta u\u015bwiadomi\u0142a przedszkolakom, \u017ce ka\u017cdy z nas ma jakie\u015b ukryte zdolno\u015bci<em>.<\/em> W ka\u017cdej grupie odby\u0142y si\u0119 zabawy z\u00a0kropk\u0105 w roli g\u0142\u00f3wnej. Na koniec obchod\u00f3w dzieci wykona\u0142y pi\u0119kne prace plastyczne <\/p>\n\n\n\nngg_shortcode_0_placeholder\n","protected":false},"excerpt":{"rendered":"<p>15 wrze\u015bnia obchodzili\u015bmy Mi\u0119dzynarodowy Dzie\u0144 Kropki. Jest to \u015bwi\u0119to odwagi i zabawy. Dzieci ogl\u0105da\u0142y bajk\u0119 jak to zwyczajna kropka zmieni\u0142a \u015bwiat ma\u0142ej dziewczynki Vashti. Historia ta u\u015bwiadomi\u0142a przedszkolakom, \u017ce ka\u017cdy z nas ma jakie\u015b ukryte zdolno\u015bci. W ka\u017cdej grupie odby\u0142y si\u0119 zabawy z\u00a0kropk\u0105 w roli g\u0142\u00f3wnej. Na koniec obchod\u00f3w dzieci wykona\u0142y pi\u0119kne prace plastyczne<\/p>\n","protected":false},"author":2,"featured_media":0,"comment_status":"closed","ping_status":"closed","sticky":false,"template":"","format":"standard","meta":{"ngg_post_thumbnail":0,"footnotes":""},"categories":[1],"tags":[],"class_list":["post-9195","post","type-post","status-publish","format-standard","hentry","category-bez-kategorii"],"_links":{"self":[{"href":"https:\/\/wesolarodzinka9.pl\/index.php?rest_route=\/wp\/v2\/posts\/9195","targetHints":{"allow":["GET"]}}],"collection":[{"href":"https:\/\/wesolarodzinka9.pl\/index.php?rest_route=\/wp\/v2\/posts"}],"about":[{"href":"https:\/\/wesolarodzinka9.pl\/index.php?rest_route=\/wp\/v2\/types\/post"}],"author":[{"embeddable":true,"href":"https:\/\/wesolarodzinka9.pl\/index.php?rest_route=\/wp\/v2\/users\/2"}],"replies":[{"embeddable":true,"href":"https:\/\/wesolarodzinka9.pl\/index.php?rest_route=%2Fwp%2Fv2%2Fcomments&post=9195"}],"version-history":[{"count":1,"href":"https:\/\/wesolarodzinka9.pl\/index.php?rest_route=\/wp\/v2\/posts\/9195\/revisions"}],"predecessor-version":[{"id":9210,"href":"https:\/\/wesolarodzinka9.pl\/index.php?rest_route=\/wp\/v2\/posts\/9195\/revisions\/9210"}],"wp:attachment":[{"href":"https:\/\/wesolarodzinka9.pl\/index.php?rest_route=%2Fwp%2Fv2%2Fmedia&parent=9195"}],"wp:term":[{"taxonomy":"category","embeddable":true,"href":"https:\/\/wesolarodzinka9.pl\/index.php?rest_route=%2Fwp%2Fv2%2Fcategories&post=9195"},{"taxonomy":"post_tag","embeddable":true,"href":"https:\/\/wesolarodzinka9.pl\/index.php?rest_route=%2Fwp%2Fv2%2Ftags&post=9195"}],"curies":[{"name":"wp","href":"https:\/\/api.w.org\/{rel}","templated":true}]}}