{"id":9230,"date":"2021-09-21T09:45:30","date_gmt":"2021-09-21T07:45:30","guid":{"rendered":"http:\/\/wesolarodzinka9.pl\/?p=9230"},"modified":"2021-09-21T09:45:30","modified_gmt":"2021-09-21T07:45:30","slug":"dzien-przedszkolaka-2","status":"publish","type":"post","link":"https:\/\/wesolarodzinka9.pl\/?p=9230","title":{"rendered":"Dzie\u0144 Przedszkolaka"},"content":{"rendered":"\n<p style=\"text-align:center\"><strong>20<\/strong>\u00a0wrze\u015bnia obchodzili\u015bmy w naszym przedszkolu Og\u00f3lnopolski Dzie\u0144 Przedszkolaka.\u00a0  \u015awi\u0119to to zosta\u0142o ustanowione przez Sejm RP, by podkre\u015bli\u0107 wag\u0119 edukacji przedszkolnej w rozwoju dzieci. Ju\u017c od samego rana w grupach panowa\u0142a weso\u0142a atmosfera.\u00a0By\u0142y zabawy muzyczno &#8211; ruchowe, zabawy z chust\u0105 animacyjn\u0105.\u00a0Nauczycielki wsp\u00f3lnie z dzie\u0107mi zakopa\u0142y kapsu\u0142\u0119 czasu w kt\u00f3rej umieszczono rysunki dzieci. Na pami\u0105tk\u0119 tego wyj\u0105tkowego spotkania ka\u017cdy przedszkolak otrzyma\u0142 dyplom i balon. Dzie\u0144 ten dostarczy\u0142 dzieciom wielu pozytywnych wra\u017ce\u0144 i na d\u0142ugo zostanie w ich pami\u0119ci.\u00a0 <\/p>\n\n\n\nngg_shortcode_0_placeholder\n","protected":false},"excerpt":{"rendered":"<p>20\u00a0wrze\u015bnia obchodzili\u015bmy w naszym przedszkolu Og\u00f3lnopolski Dzie\u0144 Przedszkolaka.\u00a0 \u015awi\u0119to to zosta\u0142o ustanowione przez Sejm RP, by podkre\u015bli\u0107 wag\u0119 edukacji przedszkolnej w rozwoju dzieci. Ju\u017c od samego rana w grupach panowa\u0142a weso\u0142a atmosfera.\u00a0By\u0142y zabawy muzyczno &#8211; ruchowe, zabawy z chust\u0105 animacyjn\u0105.\u00a0Nauczycielki wsp\u00f3lnie z dzie\u0107mi zakopa\u0142y kapsu\u0142\u0119 czasu w kt\u00f3rej umieszczono rysunki dzieci. Na pami\u0105tk\u0119 tego wyj\u0105tkowego &hellip; <\/p>\n<p class=\"link-more\"><a href=\"https:\/\/wesolarodzinka9.pl\/?p=9230\" class=\"more-link\">Czytaj dalej<span class=\"screen-reader-text\"> \u201eDzie\u0144 Przedszkolaka\u201d<\/span><\/a><\/p>\n","protected":false},"author":2,"featured_media":0,"comment_status":"closed","ping_status":"closed","sticky":false,"template":"","format":"standard","meta":{"ngg_post_thumbnail":0,"footnotes":""},"categories":[1],"tags":[],"class_list":["post-9230","post","type-post","status-publish","format-standard","hentry","category-bez-kategorii"],"_links":{"self":[{"href":"https:\/\/wesolarodzinka9.pl\/index.php?rest_route=\/wp\/v2\/posts\/9230","targetHints":{"allow":["GET"]}}],"collection":[{"href":"https:\/\/wesolarodzinka9.pl\/index.php?rest_route=\/wp\/v2\/posts"}],"about":[{"href":"https:\/\/wesolarodzinka9.pl\/index.php?rest_route=\/wp\/v2\/types\/post"}],"author":[{"embeddable":true,"href":"https:\/\/wesolarodzinka9.pl\/index.php?rest_route=\/wp\/v2\/users\/2"}],"replies":[{"embeddable":true,"href":"https:\/\/wesolarodzinka9.pl\/index.php?rest_route=%2Fwp%2Fv2%2Fcomments&post=9230"}],"version-history":[{"count":2,"href":"https:\/\/wesolarodzinka9.pl\/index.php?rest_route=\/wp\/v2\/posts\/9230\/revisions"}],"predecessor-version":[{"id":9250,"href":"https:\/\/wesolarodzinka9.pl\/index.php?rest_route=\/wp\/v2\/posts\/9230\/revisions\/9250"}],"wp:attachment":[{"href":"https:\/\/wesolarodzinka9.pl\/index.php?rest_route=%2Fwp%2Fv2%2Fmedia&parent=9230"}],"wp:term":[{"taxonomy":"category","embeddable":true,"href":"https:\/\/wesolarodzinka9.pl\/index.php?rest_route=%2Fwp%2Fv2%2Fcategories&post=9230"},{"taxonomy":"post_tag","embeddable":true,"href":"https:\/\/wesolarodzinka9.pl\/index.php?rest_route=%2Fwp%2Fv2%2Ftags&post=9230"}],"curies":[{"name":"wp","href":"https:\/\/api.w.org\/{rel}","templated":true}]}}